{"id":73,"date":"2019-05-07T17:53:45","date_gmt":"2019-05-07T20:53:45","guid":{"rendered":"https:\/\/pedidos.ohmina.com.br\/blog\/?p=73"},"modified":"2019-05-10T17:01:42","modified_gmt":"2019-05-10T20:01:42","slug":"promocao-de-dia-das-maes","status":"publish","type":"post","link":"https:\/\/pedidos.ohmina.com.br\/blog\/promocao-de-dia-das-maes\/","title":{"rendered":"Promo\u00e7\u00e3o de Dia das M\u00e3es"},"content":{"rendered":"<div id=\"attachment_87\" style=\"width: 970px\" class=\"wp-caption aligncenter\"><img loading=\"lazy\" decoding=\"async\" aria-describedby=\"caption-attachment-87\" class=\"size-full wp-image-87\" src=\"https:\/\/pedidos.ohmina.com.br\/blog\/wp-content\/uploads\/2019\/05\/B2B-Maes_2019_a.jpg\" alt=\"Promo\u00e7\u00e3o de Dia das M\u00e3es\" width=\"960\" height=\"350\" srcset=\"https:\/\/pedidos.ohmina.com.br\/blog\/wp-content\/uploads\/2019\/05\/B2B-Maes_2019_a.jpg 960w, https:\/\/pedidos.ohmina.com.br\/blog\/wp-content\/uploads\/2019\/05\/B2B-Maes_2019_a-300x109.jpg 300w, https:\/\/pedidos.ohmina.com.br\/blog\/wp-content\/uploads\/2019\/05\/B2B-Maes_2019_a-768x280.jpg 768w\" sizes=\"auto, (max-width: 960px) 100vw, 960px\" \/><p id=\"caption-attachment-87\" class=\"wp-caption-text\">Para compras feitas at\u00e9 30 de maio de 2019<\/p><\/div>\n<p>O Dia das M\u00e3es j\u00e1 est\u00e1 logo a\u00ed e sabemos que essa \u00e9 mais uma oportunidade de criar um v\u00ednculo com seus clientes. Afinal, quem n\u00e3o curte um desconto, n\u00e3o \u00e9 mesmo? E para dar um empurr\u00e3ozinho, estamos lan\u00e7ando a promo\u00e7\u00e3o do <strong>Dia das M\u00e3es com Mang\u00e1s<\/strong> para que voc\u00ea possa repassar esses descontos na sua loja tamb\u00e9m!<\/p>\n<div class=\"destaque\">Nas compras feitas pelo nosso sistema de pedidos Ohmina, os t\u00edtulos listados abaixo estar\u00e3o com + 10% de desconto, <em>at\u00e9 o dia 30 de maio de 2019<\/em>.<\/div>\n<p><!--more--><\/p>\n<p>Como nosso cat\u00e1logo de produtos tem uma variedade bem grande de t\u00edtulos, selecionamos algumas sugest\u00f5es que mais t\u00eam a ver com a data, com mang\u00e1s que apresentam mulheres fortes, divertidas, inteligentes, rom\u00e2nticas, aventureiras. Por isso, aqui v\u00e3o algumas dicas para apresentar as cole\u00e7\u00f5es de mang\u00e1s:<\/p>\n<h3>Para a M\u00e3e Hero\u00edna<\/h3>\n<p>Mang\u00e1s de fic\u00e7\u00e3o cient\u00edfica que t\u00eam como personagens principais mulheres guerreiras, com muita coragem e sempre dispostas a se colocarem \u00e0 frente de situa\u00e7\u00f5es adversas.<\/p>\n<p><img loading=\"lazy\" decoding=\"async\" class=\"alignleft size-medium wp-image-79\" src=\"https:\/\/pedidos.ohmina.com.br\/blog\/wp-content\/uploads\/2019\/05\/Battle-Angel-Alita-1-Capa-2-197x300.jpg\" alt=\"\" width=\"197\" height=\"300\" srcset=\"https:\/\/pedidos.ohmina.com.br\/blog\/wp-content\/uploads\/2019\/05\/Battle-Angel-Alita-1-Capa-2-197x300.jpg 197w, https:\/\/pedidos.ohmina.com.br\/blog\/wp-content\/uploads\/2019\/05\/Battle-Angel-Alita-1-Capa-2-768x1167.jpg 768w, https:\/\/pedidos.ohmina.com.br\/blog\/wp-content\/uploads\/2019\/05\/Battle-Angel-Alita-1-Capa-2-674x1024.jpg 674w, https:\/\/pedidos.ohmina.com.br\/blog\/wp-content\/uploads\/2019\/05\/Battle-Angel-Alita-1-Capa-2.jpg 987w\" sizes=\"auto, (max-width: 197px) 100vw, 197px\" \/><\/p>\n<h4>Battle Angel Alita<\/h4>\n<p>Um dos grandes marcos da fic\u00e7\u00e3o cient\u00edfica em mang\u00e1, Battle Angel Alita &#8211; Gunnm Hyper Future Vision apresenta Alita, uma jovem ciborgue que vive em um mundo dist\u00f3pico, onde a alta tecnologia e a decad\u00eancia da humanidade se misturam. Ap\u00f3s ser reconstru\u00edda a partir de restos encontrados no lix\u00e3o por dr. Ido, Alita come\u00e7a a trilhar seu pr\u00f3prio caminho em busca do passado perdido e de sua verdadeira identidade.<\/p>\n<p>O mang\u00e1 deu origem ao filme Alita \u2013 Anjo de Combate, lan\u00e7ado nos cinemas em 2019, com a dire\u00e7\u00e3o de Robert Rodriguez (Sin City) e produ\u00e7\u00e3o de James Cameron (Avatar).<\/p>\n<p><strong>Battle Angel Alita &#8211; Gunnm Hyper Future Vision<br \/>\nAutor: Yukito Kishiro<br \/>\nCole\u00e7\u00e3o completa em 4 volumes<br \/>\nProdutos relacionados: Battle Angel Alita \u2013 Last Order<\/strong><\/p>\n<hr \/>\n<p><img loading=\"lazy\" decoding=\"async\" class=\"alignleft size-medium wp-image-80\" src=\"https:\/\/pedidos.ohmina.com.br\/blog\/wp-content\/uploads\/2019\/05\/The-Ghost-in-the-Shell-1-Sobrecapa2-214x300.jpg\" alt=\"\" width=\"214\" height=\"300\" srcset=\"https:\/\/pedidos.ohmina.com.br\/blog\/wp-content\/uploads\/2019\/05\/The-Ghost-in-the-Shell-1-Sobrecapa2-214x300.jpg 214w, https:\/\/pedidos.ohmina.com.br\/blog\/wp-content\/uploads\/2019\/05\/The-Ghost-in-the-Shell-1-Sobrecapa2.jpg 485w\" sizes=\"auto, (max-width: 214px) 100vw, 214px\" \/><\/p>\n<h4>The Ghost in the Shell<\/h4>\n<p>Refer\u00eancia em fic\u00e7\u00e3o cient\u00edfica e considerado um cl\u00e1ssico dos mang\u00e1s, The Ghost in the Shell tem como personagem principal uma ciborgue destemida, Major Motoko. Num futuro \u00e0 beira do colapso, ela \u00e9 incumbida de desmantelar os crimes cibern\u00e9ticos realizados por um hacker extremamente poderoso. Na trama, surgem questionamentos existencialistas, e o papel da intelig\u00eancia artificial.<\/p>\n<p>A hist\u00f3ria ganhou proje\u00e7\u00e3o mundial e influenciou diversos filmes, incluindo a cria\u00e7\u00e3o da trilogia Matrix, das irm\u00e3s Wachowski.<\/p>\n<p><strong>The Ghost in the Shell<br \/>\nAutor: Shirow Masamune<br \/>\nVolume \u00fanico<br \/>\nProdutos relacionados: The Ghost in the Shell 2.0, Ghost in the Shell Perfect Book <\/strong><\/p>\n<hr \/>\n<h3>Para a M\u00e3e Poderosa<\/h3>\n<p>Bom humor e simpatia \u00e9 o que dita as regra nessas hist\u00f3rias. Com pitacos de magia, essa \u00e9 a sugest\u00e3o ideal para uma leitura divertida e leve.<\/p>\n<div id=\"attachment_88\" style=\"width: 210px\" class=\"wp-caption alignleft\"><img loading=\"lazy\" decoding=\"async\" aria-describedby=\"caption-attachment-88\" class=\"size-medium wp-image-88\" src=\"https:\/\/pedidos.ohmina.com.br\/blog\/wp-content\/uploads\/2019\/05\/UQ-Holder-01p-200x300.jpg\" alt=\"box UQ Holder \" width=\"200\" height=\"300\" srcset=\"https:\/\/pedidos.ohmina.com.br\/blog\/wp-content\/uploads\/2019\/05\/UQ-Holder-01p-200x300.jpg 200w, https:\/\/pedidos.ohmina.com.br\/blog\/wp-content\/uploads\/2019\/05\/UQ-Holder-01p-768x1152.jpg 768w, https:\/\/pedidos.ohmina.com.br\/blog\/wp-content\/uploads\/2019\/05\/UQ-Holder-01p-683x1024.jpg 683w, https:\/\/pedidos.ohmina.com.br\/blog\/wp-content\/uploads\/2019\/05\/UQ-Holder-01p.jpg 800w\" sizes=\"auto, (max-width: 200px) 100vw, 200px\" \/><p id=\"caption-attachment-88\" class=\"wp-caption-text\">Box vol. 1 a 8<\/p><\/div>\n<h4>UQ Holder<\/h4>\n<p>No ano de 2086, Touta vive no interior com a professora Yukihime, que o salvara de um terr\u00edvel acidente de carro. Seu sonho \u00e9 sair na vila onde cresceu e conhecer a Capital.<\/p>\n<p>O Jap\u00e3o, outrora com poucos \u00edndices de mis\u00e9ria, v\u00ea o surgimento de mais favelas em suas cidades. Por outro lado, magia e tecnologia se desenvolvem cada vez mais r\u00e1pidas. \u00c9 neste cen\u00e1rio que Touta parte para a cidade com a b\u00ean\u00e7\u00e3o de Yukihime e entra para a UQ Holder, um grupo secreto formado s\u00f3 por imortais que existe para enfrentar as for\u00e7as das trevas.<\/p>\n<p><strong>UQ Holder<br \/>\nAutor: Ken Akamatsu<br \/>\nCole\u00e7\u00e3o em box (vol. 1 a 8). Publica\u00e7\u00e3o em andamento.<br \/>\nProdutos relacionados: Negima, Love Hina<\/strong><\/p>\n<hr \/>\n<h3>Para a M\u00e3e Cl\u00e1ssica<\/h3>\n<p>O cen\u00e1rio \u00e9 a Fran\u00e7a, na \u00e9poca da Revolu\u00e7\u00e3o Francesa. Com uma mistura de fic\u00e7\u00e3o e realidade, cada cap\u00edtulo surpreende e traz muitas reviravoltas. Essa \u00e9 a f\u00f3rmula para uma leitura imperd\u00edvel, com cenas de a\u00e7\u00e3o, bel\u00edssimos trajes da corte real e reflex\u00f5es sobre amor e guerra.<\/p>\n<p><img loading=\"lazy\" decoding=\"async\" class=\"alignleft size-medium wp-image-89\" src=\"https:\/\/pedidos.ohmina.com.br\/blog\/wp-content\/uploads\/2019\/05\/Rosa-de-Versalhes-01-Capa-198x300.jpg\" alt=\"Rosa-de-Versalhes-01-Capa\" width=\"198\" height=\"300\" srcset=\"https:\/\/pedidos.ohmina.com.br\/blog\/wp-content\/uploads\/2019\/05\/Rosa-de-Versalhes-01-Capa-198x300.jpg 198w, https:\/\/pedidos.ohmina.com.br\/blog\/wp-content\/uploads\/2019\/05\/Rosa-de-Versalhes-01-Capa-768x1164.jpg 768w, https:\/\/pedidos.ohmina.com.br\/blog\/wp-content\/uploads\/2019\/05\/Rosa-de-Versalhes-01-Capa-676x1024.jpg 676w, https:\/\/pedidos.ohmina.com.br\/blog\/wp-content\/uploads\/2019\/05\/Rosa-de-Versalhes-01-Capa.jpg 990w\" sizes=\"auto, (max-width: 198px) 100vw, 198px\" \/><\/p>\n<h4>Rosa de Versalhes<\/h4>\n<p>A obra foi produzida entre 1972 e 1973, na mesma \u00e9poca em que as reivindica\u00e7\u00f5es pelos direitos das mulheres haviam tido in\u00edcio e estavam em evid\u00eancia no mundo todo.<\/p>\n<p>Com temas que trazem \u00e0 tona quest\u00f5es sobre g\u00eanero, senso de justi\u00e7a, direitos humanos e momentos hist\u00f3ricos reais, Ikeda revolucionou a forma de se fazer mang\u00e1 para o p\u00fablico feminino abrindo caminho e influenciando uma nova gera\u00e7\u00e3o de mangak\u00e1s dos mais diversos segmentos.<\/p>\n<p><strong>Rosa de Versalhes<br \/>\nAutor: Riyoko Ikeda<br \/>\nCole\u00e7\u00e3o completa em 5 volumes<br \/>\nProdutos relacionados: Little Witch Academia, Orange<\/strong><\/p>\n<hr \/>\n<h3>Para a M\u00e3e Rom\u00e2ntica<\/h3>\n<p>Amor e justi\u00e7a acompanham toda leitora que gosta de hist\u00f3rias rom\u00e2nticas. No mundo dos mang\u00e1s, esses temas tamb\u00e9m s\u00e3o recorrentes.<\/p>\n<p><img loading=\"lazy\" decoding=\"async\" class=\"alignleft size-medium wp-image-78\" src=\"https:\/\/pedidos.ohmina.com.br\/blog\/wp-content\/uploads\/2019\/05\/sailormoon_box01_dest-200x300.jpg\" alt=\"\" width=\"200\" height=\"300\" srcset=\"https:\/\/pedidos.ohmina.com.br\/blog\/wp-content\/uploads\/2019\/05\/sailormoon_box01_dest-200x300.jpg 200w, https:\/\/pedidos.ohmina.com.br\/blog\/wp-content\/uploads\/2019\/05\/sailormoon_box01_dest-768x1152.jpg 768w, https:\/\/pedidos.ohmina.com.br\/blog\/wp-content\/uploads\/2019\/05\/sailormoon_box01_dest-683x1024.jpg 683w, https:\/\/pedidos.ohmina.com.br\/blog\/wp-content\/uploads\/2019\/05\/sailormoon_box01_dest.jpg 800w\" sizes=\"auto, (max-width: 200px) 100vw, 200px\" \/><\/p>\n<h4>Sailor Moon<\/h4>\n<p>Um dos mang\u00e1s mais famosos de todos os tempos, Sailor Moon foi lan\u00e7ado no Jap\u00e3o na d\u00e9cada de 1990, e \u00e9 sucesso tamb\u00e9m em vers\u00e3o de anime, com adapta\u00e7\u00f5es para TV, cinema e teatro.<\/p>\n<p>A hist\u00f3ria \u00e9 escrita por Naoko Takeuchi, e apresenta um time de hero\u00ednas que lutam pela justi\u00e7a. Vestidas de roupa de marinheiro, as jovens t\u00eam poderes m\u00e1gicos e est\u00e3o sempre prontas para combater o mal.<\/p>\n<p><strong>Box Sailor Moon #01 (vol. 1 a 6) e #02 (vol. 7 a 12)<br \/>\nAutora: Naoko Takeuchi<br \/>\nCole\u00e7\u00e3o completa em 12 volumes<br \/>\nProdutos relacionados: Codename: Sailor V , Sailor Moon: Short Stories<br \/>\n<\/strong><\/p>\n<hr \/>\n<div class=\"destaque\"><em>Em caso de d\u00favidas, estamos \u00e0 disposi\u00e7\u00e3o pelo e-mail <a href=\"mailto:pedidos@editorajbc.com.br\" target=\"_blank\" rel=\"noopener noreferrer\">pedidos@editorajbc.com.br<\/a><\/em><\/div>\n","protected":false},"excerpt":{"rendered":"<p>Aproveite os descontos especiais para o Dia das M\u00e3es, com promo\u00e7\u00e3o prorrogada at\u00e9 30 de maio de 2019.<\/p>\n","protected":false},"author":2,"featured_media":87,"comment_status":"closed","ping_status":"closed","sticky":false,"template":"","format":"standard","meta":{"footnotes":""},"categories":[1],"tags":[13,12],"class_list":["post-73","post","type-post","status-publish","format-standard","has-post-thumbnail","hentry","category-noticias","tag-datas-comemorativas","tag-dia-das-maes"],"yoast_head":"<!-- This site is optimized with the Yoast SEO plugin v27.5 - https:\/\/yoast.com\/product\/yoast-seo-wordpress\/ -->\n<title>Promo\u00e7\u00e3o de Dia das M\u00e3es - Blog Comercial JBC<\/title>\n<meta name=\"robots\" content=\"noindex, follow, max-snippet:-1, max-image-preview:large, max-video-preview:-1\" \/>\n<meta property=\"og:locale\" content=\"pt_BR\" \/>\n<meta property=\"og:type\" content=\"article\" \/>\n<meta property=\"og:title\" content=\"Promo\u00e7\u00e3o de Dia das M\u00e3es - Blog Comercial JBC\" \/>\n<meta property=\"og:description\" content=\"Aproveite os descontos especiais para o Dia das M\u00e3es, com promo\u00e7\u00e3o prorrogada at\u00e9 30 de maio de 2019.\" \/>\n<meta property=\"og:url\" content=\"https:\/\/pedidos.ohmina.com.br\/blog\/promocao-de-dia-das-maes\/\" \/>\n<meta property=\"og:site_name\" content=\"Blog Comercial JBC\" \/>\n<meta property=\"article:published_time\" content=\"2019-05-07T20:53:45+00:00\" \/>\n<meta property=\"article:modified_time\" content=\"2019-05-10T20:01:42+00:00\" \/>\n<meta property=\"og:image\" content=\"https:\/\/pedidos.ohmina.com.br\/blog\/wp-content\/uploads\/2019\/05\/B2B-Maes_2019_a.jpg\" \/>\n\t<meta property=\"og:image:width\" content=\"960\" \/>\n\t<meta property=\"og:image:height\" content=\"350\" \/>\n\t<meta property=\"og:image:type\" content=\"image\/jpeg\" \/>\n<meta name=\"author\" content=\"Comercial JBC\" \/>\n<meta name=\"twitter:card\" content=\"summary_large_image\" \/>\n<meta name=\"twitter:label1\" content=\"Escrito por\" \/>\n\t<meta name=\"twitter:data1\" content=\"Comercial JBC\" \/>\n\t<meta name=\"twitter:label2\" content=\"Est. tempo de leitura\" \/>\n\t<meta name=\"twitter:data2\" content=\"5 minutos\" \/>\n<script type=\"application\/ld+json\" class=\"yoast-schema-graph\">{\"@context\":\"https:\\\/\\\/schema.org\",\"@graph\":[{\"@type\":\"Article\",\"@id\":\"https:\\\/\\\/pedidos.ohmina.com.br\\\/blog\\\/promocao-de-dia-das-maes\\\/#article\",\"isPartOf\":{\"@id\":\"https:\\\/\\\/pedidos.ohmina.com.br\\\/blog\\\/promocao-de-dia-das-maes\\\/\"},\"author\":{\"name\":\"Comercial JBC\",\"@id\":\"https:\\\/\\\/pedidos.ohmina.com.br\\\/blog\\\/#\\\/schema\\\/person\\\/277b1670520df5ac3e231e9b3b8d65ec\"},\"headline\":\"Promo\u00e7\u00e3o de Dia das M\u00e3es\",\"datePublished\":\"2019-05-07T20:53:45+00:00\",\"dateModified\":\"2019-05-10T20:01:42+00:00\",\"mainEntityOfPage\":{\"@id\":\"https:\\\/\\\/pedidos.ohmina.com.br\\\/blog\\\/promocao-de-dia-das-maes\\\/\"},\"wordCount\":924,\"image\":{\"@id\":\"https:\\\/\\\/pedidos.ohmina.com.br\\\/blog\\\/promocao-de-dia-das-maes\\\/#primaryimage\"},\"thumbnailUrl\":\"https:\\\/\\\/pedidos.ohmina.com.br\\\/blog\\\/wp-content\\\/uploads\\\/2019\\\/05\\\/B2B-Maes_2019_a.jpg\",\"keywords\":[\"datas comemorativas\",\"Dia das M\u00e3es\"],\"articleSection\":[\"Not\u00edcias\"],\"inLanguage\":\"pt-BR\"},{\"@type\":\"WebPage\",\"@id\":\"https:\\\/\\\/pedidos.ohmina.com.br\\\/blog\\\/promocao-de-dia-das-maes\\\/\",\"url\":\"https:\\\/\\\/pedidos.ohmina.com.br\\\/blog\\\/promocao-de-dia-das-maes\\\/\",\"name\":\"Promo\u00e7\u00e3o de Dia das M\u00e3es - Blog Comercial JBC\",\"isPartOf\":{\"@id\":\"https:\\\/\\\/pedidos.ohmina.com.br\\\/blog\\\/#website\"},\"primaryImageOfPage\":{\"@id\":\"https:\\\/\\\/pedidos.ohmina.com.br\\\/blog\\\/promocao-de-dia-das-maes\\\/#primaryimage\"},\"image\":{\"@id\":\"https:\\\/\\\/pedidos.ohmina.com.br\\\/blog\\\/promocao-de-dia-das-maes\\\/#primaryimage\"},\"thumbnailUrl\":\"https:\\\/\\\/pedidos.ohmina.com.br\\\/blog\\\/wp-content\\\/uploads\\\/2019\\\/05\\\/B2B-Maes_2019_a.jpg\",\"datePublished\":\"2019-05-07T20:53:45+00:00\",\"dateModified\":\"2019-05-10T20:01:42+00:00\",\"author\":{\"@id\":\"https:\\\/\\\/pedidos.ohmina.com.br\\\/blog\\\/#\\\/schema\\\/person\\\/277b1670520df5ac3e231e9b3b8d65ec\"},\"breadcrumb\":{\"@id\":\"https:\\\/\\\/pedidos.ohmina.com.br\\\/blog\\\/promocao-de-dia-das-maes\\\/#breadcrumb\"},\"inLanguage\":\"pt-BR\",\"potentialAction\":[{\"@type\":\"ReadAction\",\"target\":[\"https:\\\/\\\/pedidos.ohmina.com.br\\\/blog\\\/promocao-de-dia-das-maes\\\/\"]}]},{\"@type\":\"ImageObject\",\"inLanguage\":\"pt-BR\",\"@id\":\"https:\\\/\\\/pedidos.ohmina.com.br\\\/blog\\\/promocao-de-dia-das-maes\\\/#primaryimage\",\"url\":\"https:\\\/\\\/pedidos.ohmina.com.br\\\/blog\\\/wp-content\\\/uploads\\\/2019\\\/05\\\/B2B-Maes_2019_a.jpg\",\"contentUrl\":\"https:\\\/\\\/pedidos.ohmina.com.br\\\/blog\\\/wp-content\\\/uploads\\\/2019\\\/05\\\/B2B-Maes_2019_a.jpg\",\"width\":960,\"height\":350,\"caption\":\"Para compras feitas at\u00e9 12 de maio de 2019\"},{\"@type\":\"BreadcrumbList\",\"@id\":\"https:\\\/\\\/pedidos.ohmina.com.br\\\/blog\\\/promocao-de-dia-das-maes\\\/#breadcrumb\",\"itemListElement\":[{\"@type\":\"ListItem\",\"position\":1,\"name\":\"In\u00edcio\",\"item\":\"https:\\\/\\\/pedidos.ohmina.com.br\\\/blog\\\/\"},{\"@type\":\"ListItem\",\"position\":2,\"name\":\"Promo\u00e7\u00e3o de Dia das M\u00e3es\"}]},{\"@type\":\"WebSite\",\"@id\":\"https:\\\/\\\/pedidos.ohmina.com.br\\\/blog\\\/#website\",\"url\":\"https:\\\/\\\/pedidos.ohmina.com.br\\\/blog\\\/\",\"name\":\"Blog Comercial JBC\",\"description\":\"Informa\u00e7\u00f5es e not\u00edcias da JBC para os lojistas\",\"potentialAction\":[{\"@type\":\"SearchAction\",\"target\":{\"@type\":\"EntryPoint\",\"urlTemplate\":\"https:\\\/\\\/pedidos.ohmina.com.br\\\/blog\\\/?s={search_term_string}\"},\"query-input\":{\"@type\":\"PropertyValueSpecification\",\"valueRequired\":true,\"valueName\":\"search_term_string\"}}],\"inLanguage\":\"pt-BR\"},{\"@type\":\"Person\",\"@id\":\"https:\\\/\\\/pedidos.ohmina.com.br\\\/blog\\\/#\\\/schema\\\/person\\\/277b1670520df5ac3e231e9b3b8d65ec\",\"name\":\"Comercial JBC\",\"image\":{\"@type\":\"ImageObject\",\"inLanguage\":\"pt-BR\",\"@id\":\"https:\\\/\\\/secure.gravatar.com\\\/avatar\\\/7faae9ad74a62852b4d347ffdc9e02f69e32bcd9c77ea82d1c4a165aad947f13?s=96&d=mm&r=g\",\"url\":\"https:\\\/\\\/secure.gravatar.com\\\/avatar\\\/7faae9ad74a62852b4d347ffdc9e02f69e32bcd9c77ea82d1c4a165aad947f13?s=96&d=mm&r=g\",\"contentUrl\":\"https:\\\/\\\/secure.gravatar.com\\\/avatar\\\/7faae9ad74a62852b4d347ffdc9e02f69e32bcd9c77ea82d1c4a165aad947f13?s=96&d=mm&r=g\",\"caption\":\"Comercial JBC\"},\"sameAs\":[\"https:\\\/\\\/editorajbc.com.br\"],\"url\":\"https:\\\/\\\/pedidos.ohmina.com.br\\\/blog\\\/author\\\/comercial-jbc\\\/\"}]}<\/script>\n<!-- \/ Yoast SEO plugin. -->","yoast_head_json":{"title":"Promo\u00e7\u00e3o de Dia das M\u00e3es - Blog Comercial JBC","robots":{"index":"noindex","follow":"follow","max-snippet":"max-snippet:-1","max-image-preview":"max-image-preview:large","max-video-preview":"max-video-preview:-1"},"og_locale":"pt_BR","og_type":"article","og_title":"Promo\u00e7\u00e3o de Dia das M\u00e3es - Blog Comercial JBC","og_description":"Aproveite os descontos especiais para o Dia das M\u00e3es, com promo\u00e7\u00e3o prorrogada at\u00e9 30 de maio de 2019.","og_url":"https:\/\/pedidos.ohmina.com.br\/blog\/promocao-de-dia-das-maes\/","og_site_name":"Blog Comercial JBC","article_published_time":"2019-05-07T20:53:45+00:00","article_modified_time":"2019-05-10T20:01:42+00:00","og_image":[{"width":960,"height":350,"url":"https:\/\/pedidos.ohmina.com.br\/blog\/wp-content\/uploads\/2019\/05\/B2B-Maes_2019_a.jpg","type":"image\/jpeg"}],"author":"Comercial JBC","twitter_card":"summary_large_image","twitter_misc":{"Escrito por":"Comercial JBC","Est. tempo de leitura":"5 minutos"},"schema":{"@context":"https:\/\/schema.org","@graph":[{"@type":"Article","@id":"https:\/\/pedidos.ohmina.com.br\/blog\/promocao-de-dia-das-maes\/#article","isPartOf":{"@id":"https:\/\/pedidos.ohmina.com.br\/blog\/promocao-de-dia-das-maes\/"},"author":{"name":"Comercial JBC","@id":"https:\/\/pedidos.ohmina.com.br\/blog\/#\/schema\/person\/277b1670520df5ac3e231e9b3b8d65ec"},"headline":"Promo\u00e7\u00e3o de Dia das M\u00e3es","datePublished":"2019-05-07T20:53:45+00:00","dateModified":"2019-05-10T20:01:42+00:00","mainEntityOfPage":{"@id":"https:\/\/pedidos.ohmina.com.br\/blog\/promocao-de-dia-das-maes\/"},"wordCount":924,"image":{"@id":"https:\/\/pedidos.ohmina.com.br\/blog\/promocao-de-dia-das-maes\/#primaryimage"},"thumbnailUrl":"https:\/\/pedidos.ohmina.com.br\/blog\/wp-content\/uploads\/2019\/05\/B2B-Maes_2019_a.jpg","keywords":["datas comemorativas","Dia das M\u00e3es"],"articleSection":["Not\u00edcias"],"inLanguage":"pt-BR"},{"@type":"WebPage","@id":"https:\/\/pedidos.ohmina.com.br\/blog\/promocao-de-dia-das-maes\/","url":"https:\/\/pedidos.ohmina.com.br\/blog\/promocao-de-dia-das-maes\/","name":"Promo\u00e7\u00e3o de Dia das M\u00e3es - Blog Comercial JBC","isPartOf":{"@id":"https:\/\/pedidos.ohmina.com.br\/blog\/#website"},"primaryImageOfPage":{"@id":"https:\/\/pedidos.ohmina.com.br\/blog\/promocao-de-dia-das-maes\/#primaryimage"},"image":{"@id":"https:\/\/pedidos.ohmina.com.br\/blog\/promocao-de-dia-das-maes\/#primaryimage"},"thumbnailUrl":"https:\/\/pedidos.ohmina.com.br\/blog\/wp-content\/uploads\/2019\/05\/B2B-Maes_2019_a.jpg","datePublished":"2019-05-07T20:53:45+00:00","dateModified":"2019-05-10T20:01:42+00:00","author":{"@id":"https:\/\/pedidos.ohmina.com.br\/blog\/#\/schema\/person\/277b1670520df5ac3e231e9b3b8d65ec"},"breadcrumb":{"@id":"https:\/\/pedidos.ohmina.com.br\/blog\/promocao-de-dia-das-maes\/#breadcrumb"},"inLanguage":"pt-BR","potentialAction":[{"@type":"ReadAction","target":["https:\/\/pedidos.ohmina.com.br\/blog\/promocao-de-dia-das-maes\/"]}]},{"@type":"ImageObject","inLanguage":"pt-BR","@id":"https:\/\/pedidos.ohmina.com.br\/blog\/promocao-de-dia-das-maes\/#primaryimage","url":"https:\/\/pedidos.ohmina.com.br\/blog\/wp-content\/uploads\/2019\/05\/B2B-Maes_2019_a.jpg","contentUrl":"https:\/\/pedidos.ohmina.com.br\/blog\/wp-content\/uploads\/2019\/05\/B2B-Maes_2019_a.jpg","width":960,"height":350,"caption":"Para compras feitas at\u00e9 12 de maio de 2019"},{"@type":"BreadcrumbList","@id":"https:\/\/pedidos.ohmina.com.br\/blog\/promocao-de-dia-das-maes\/#breadcrumb","itemListElement":[{"@type":"ListItem","position":1,"name":"In\u00edcio","item":"https:\/\/pedidos.ohmina.com.br\/blog\/"},{"@type":"ListItem","position":2,"name":"Promo\u00e7\u00e3o de Dia das M\u00e3es"}]},{"@type":"WebSite","@id":"https:\/\/pedidos.ohmina.com.br\/blog\/#website","url":"https:\/\/pedidos.ohmina.com.br\/blog\/","name":"Blog Comercial JBC","description":"Informa\u00e7\u00f5es e not\u00edcias da JBC para os lojistas","potentialAction":[{"@type":"SearchAction","target":{"@type":"EntryPoint","urlTemplate":"https:\/\/pedidos.ohmina.com.br\/blog\/?s={search_term_string}"},"query-input":{"@type":"PropertyValueSpecification","valueRequired":true,"valueName":"search_term_string"}}],"inLanguage":"pt-BR"},{"@type":"Person","@id":"https:\/\/pedidos.ohmina.com.br\/blog\/#\/schema\/person\/277b1670520df5ac3e231e9b3b8d65ec","name":"Comercial JBC","image":{"@type":"ImageObject","inLanguage":"pt-BR","@id":"https:\/\/secure.gravatar.com\/avatar\/7faae9ad74a62852b4d347ffdc9e02f69e32bcd9c77ea82d1c4a165aad947f13?s=96&d=mm&r=g","url":"https:\/\/secure.gravatar.com\/avatar\/7faae9ad74a62852b4d347ffdc9e02f69e32bcd9c77ea82d1c4a165aad947f13?s=96&d=mm&r=g","contentUrl":"https:\/\/secure.gravatar.com\/avatar\/7faae9ad74a62852b4d347ffdc9e02f69e32bcd9c77ea82d1c4a165aad947f13?s=96&d=mm&r=g","caption":"Comercial JBC"},"sameAs":["https:\/\/editorajbc.com.br"],"url":"https:\/\/pedidos.ohmina.com.br\/blog\/author\/comercial-jbc\/"}]}},"_links":{"self":[{"href":"https:\/\/pedidos.ohmina.com.br\/blog\/wp-json\/wp\/v2\/posts\/73","targetHints":{"allow":["GET"]}}],"collection":[{"href":"https:\/\/pedidos.ohmina.com.br\/blog\/wp-json\/wp\/v2\/posts"}],"about":[{"href":"https:\/\/pedidos.ohmina.com.br\/blog\/wp-json\/wp\/v2\/types\/post"}],"author":[{"embeddable":true,"href":"https:\/\/pedidos.ohmina.com.br\/blog\/wp-json\/wp\/v2\/users\/2"}],"replies":[{"embeddable":true,"href":"https:\/\/pedidos.ohmina.com.br\/blog\/wp-json\/wp\/v2\/comments?post=73"}],"version-history":[{"count":9,"href":"https:\/\/pedidos.ohmina.com.br\/blog\/wp-json\/wp\/v2\/posts\/73\/revisions"}],"predecessor-version":[{"id":112,"href":"https:\/\/pedidos.ohmina.com.br\/blog\/wp-json\/wp\/v2\/posts\/73\/revisions\/112"}],"wp:featuredmedia":[{"embeddable":true,"href":"https:\/\/pedidos.ohmina.com.br\/blog\/wp-json\/wp\/v2\/media\/87"}],"wp:attachment":[{"href":"https:\/\/pedidos.ohmina.com.br\/blog\/wp-json\/wp\/v2\/media?parent=73"}],"wp:term":[{"taxonomy":"category","embeddable":true,"href":"https:\/\/pedidos.ohmina.com.br\/blog\/wp-json\/wp\/v2\/categories?post=73"},{"taxonomy":"post_tag","embeddable":true,"href":"https:\/\/pedidos.ohmina.com.br\/blog\/wp-json\/wp\/v2\/tags?post=73"}],"curies":[{"name":"wp","href":"https:\/\/api.w.org\/{rel}","templated":true}]}}