{"id":3474,"date":"2025-07-22T13:13:32","date_gmt":"2025-07-22T16:13:32","guid":{"rendered":"https:\/\/pedidos.ohmina.com.br\/blog\/?p=3474"},"modified":"2025-07-22T13:14:36","modified_gmt":"2025-07-22T16:14:36","slug":"lancamento-jbc-a-prisao-no-ceu","status":"publish","type":"post","link":"https:\/\/pedidos.ohmina.com.br\/blog\/lancamento-jbc-a-prisao-no-ceu\/","title":{"rendered":"Lan\u00e7amento JBC &#8211; A Pris\u00e3o no C\u00e9u"},"content":{"rendered":"<p><img loading=\"lazy\" decoding=\"async\" src=\"https:\/\/pedidos.ohmina.com.br\/blog\/wp-content\/uploads\/2025\/07\/a-prisao-no-ceu-header.png\" alt=\"\" width=\"720\" height=\"260\" class=\"aligncenter size-full wp-image-3475\" srcset=\"https:\/\/pedidos.ohmina.com.br\/blog\/wp-content\/uploads\/2025\/07\/a-prisao-no-ceu-header.png 720w, https:\/\/pedidos.ohmina.com.br\/blog\/wp-content\/uploads\/2025\/07\/a-prisao-no-ceu-header-300x108.png 300w\" sizes=\"auto, (max-width: 720px) 100vw, 720px\" \/>A Editora JBC lan\u00e7a o mang\u00e1 A Pris\u00e3o no C\u00e9u, uma obra de Mina Sakurai adaptada para mang\u00e1 por Marco Kohinata que retrata de forma profunda os la\u00e7os e as emo\u00e7\u00f5es humanas. A hist\u00f3ria se passa em um sal\u00e3o de beleza localizado dentro de uma penitenci\u00e1ria feminina, onde a protagonista Haru se tornou uma habilidosa cabeleireira. Enquanto cumpre sua pena, ela corta o cabelo de clientes comuns e \u00e9 a partir dessa delicada intera\u00e7\u00e3o ambientando no sal\u00e3o decorado com um lindo c\u00e9u azul que conhecemos diferentes hist\u00f3rias.<\/p>\n<p>A edi\u00e7\u00e3o \u00e9 in\u00e9dita no Brasil e chega em volume \u00fanico com detalhes especiais na edi\u00e7\u00e3o impressa com capa com orelhas e hotstamping no logo.<!--more--><\/p>\n<div id=\"attachment_3476\" style=\"width: 670px\" class=\"wp-caption aligncenter\"><img loading=\"lazy\" decoding=\"async\" aria-describedby=\"caption-attachment-3476\" src=\"https:\/\/pedidos.ohmina.com.br\/blog\/wp-content\/uploads\/2025\/07\/a-prisao-no-ceu-foto0-1024x1024.jpg\" alt=\"\" width=\"660\" height=\"660\" class=\"size-large wp-image-3476\" srcset=\"https:\/\/pedidos.ohmina.com.br\/blog\/wp-content\/uploads\/2025\/07\/a-prisao-no-ceu-foto0-1024x1024.jpg 1024w, https:\/\/pedidos.ohmina.com.br\/blog\/wp-content\/uploads\/2025\/07\/a-prisao-no-ceu-foto0-300x300.jpg 300w, https:\/\/pedidos.ohmina.com.br\/blog\/wp-content\/uploads\/2025\/07\/a-prisao-no-ceu-foto0-150x150.jpg 150w, https:\/\/pedidos.ohmina.com.br\/blog\/wp-content\/uploads\/2025\/07\/a-prisao-no-ceu-foto0-768x768.jpg 768w, https:\/\/pedidos.ohmina.com.br\/blog\/wp-content\/uploads\/2025\/07\/a-prisao-no-ceu-foto0-200x200.jpg 200w, https:\/\/pedidos.ohmina.com.br\/blog\/wp-content\/uploads\/2025\/07\/a-prisao-no-ceu-foto0.jpg 1500w\" sizes=\"auto, (max-width: 660px) 100vw, 660px\" \/><p id=\"caption-attachment-3476\" class=\"wp-caption-text\">A Pris\u00e3o no C\u00e9u<\/p><\/div>\n<h2>A Pris\u00e3o no C\u00e9u<\/h2>\n<p>A Pris\u00e3o no C\u00e9u (The Depth of the Sky) foi publicado em cap\u00edtulos na revista Big Comic, da editora Shogakukan, de 25 de mar\u00e7o a 9 de maio de 2020 e j\u00e1 no ano seguinte, o mang\u00e1 recebeu o Pr\u00eamio de Excel\u00eancia no 24\u00ba Japan Media Arts Festival em 2021.<\/p>\n<h3>A hist\u00f3ria<\/h3>\n<p>Um sal\u00e3o de beleza \u00e9 aberto ao p\u00fablico dentro do pres\u00eddio feminino. Ashihara Shiho, uma jornalista, resolve marcar um hor\u00e1rio para ser atendida e no sal\u00e3o todo decorado com paredes pintadas como um c\u00e9u azul, ela descobre um novo mundo e novas hist\u00f3rias. Quem a atende \u00e9 uma presidi\u00e1ria que cometeu um crime grave, Haru Komatsubara, e se profissionalizou como cabelereira enquanto cumpre sua pena. Cada uma das personagens carrega suas pr\u00f3prias preocupa\u00e7\u00f5es, mas tentam seguir em frente e suas barreiras pessoais come\u00e7am a se desfazer conforme suas hist\u00f3rias v\u00e3o se revelando.\u200b<\/p>\n<h3>Fotos do mang\u00e1<\/h3>\n\n\t\t<style type=\"text\/css\">\n\t\t\t#gallery-1 {\n\t\t\t\tmargin: auto;\n\t\t\t}\n\t\t\t#gallery-1 .gallery-item {\n\t\t\t\tfloat: left;\n\t\t\t\tmargin-top: 10px;\n\t\t\t\ttext-align: center;\n\t\t\t\twidth: 25%;\n\t\t\t}\n\t\t\t#gallery-1 img {\n\t\t\t\tborder: 2px solid #cfcfcf;\n\t\t\t}\n\t\t\t#gallery-1 .gallery-caption {\n\t\t\t\tmargin-left: 0;\n\t\t\t}\n\t\t\t\/* see gallery_shortcode() in wp-includes\/media.php *\/\n\t\t<\/style>\n\t\t<div id='gallery-1' class='gallery galleryid-3474 gallery-columns-4 gallery-size-thumbnail'><dl class='gallery-item'>\n\t\t\t<dt class='gallery-icon landscape'>\n\t\t\t\t<a href='https:\/\/pedidos.ohmina.com.br\/blog\/wp-content\/uploads\/2025\/07\/a-prisao-no-ceu-foto1.jpg'><img loading=\"lazy\" decoding=\"async\" width=\"150\" height=\"150\" src=\"https:\/\/pedidos.ohmina.com.br\/blog\/wp-content\/uploads\/2025\/07\/a-prisao-no-ceu-foto1-150x150.jpg\" class=\"attachment-thumbnail size-thumbnail\" alt=\"A Pris\u00e3o no C\u00e9u Foto\" aria-describedby=\"gallery-1-3477\" srcset=\"https:\/\/pedidos.ohmina.com.br\/blog\/wp-content\/uploads\/2025\/07\/a-prisao-no-ceu-foto1-150x150.jpg 150w, https:\/\/pedidos.ohmina.com.br\/blog\/wp-content\/uploads\/2025\/07\/a-prisao-no-ceu-foto1-200x200.jpg 200w\" sizes=\"auto, (max-width: 150px) 100vw, 150px\" \/><\/a>\n\t\t\t<\/dt>\n\t\t\t\t<dd class='wp-caption-text gallery-caption' id='gallery-1-3477'>\n\t\t\t\tA Pris\u00e3o no C\u00e9u\n\t\t\t\t<\/dd><\/dl><dl class='gallery-item'>\n\t\t\t<dt class='gallery-icon portrait'>\n\t\t\t\t<a href='https:\/\/pedidos.ohmina.com.br\/blog\/wp-content\/uploads\/2025\/07\/a-prisao-no-ceu-foto2.jpg'><img loading=\"lazy\" decoding=\"async\" width=\"150\" height=\"150\" src=\"https:\/\/pedidos.ohmina.com.br\/blog\/wp-content\/uploads\/2025\/07\/a-prisao-no-ceu-foto2-150x150.jpg\" class=\"attachment-thumbnail size-thumbnail\" alt=\"A Pris\u00e3o no C\u00e9u Foto\" aria-describedby=\"gallery-1-3478\" srcset=\"https:\/\/pedidos.ohmina.com.br\/blog\/wp-content\/uploads\/2025\/07\/a-prisao-no-ceu-foto2-150x150.jpg 150w, https:\/\/pedidos.ohmina.com.br\/blog\/wp-content\/uploads\/2025\/07\/a-prisao-no-ceu-foto2-200x200.jpg 200w\" sizes=\"auto, (max-width: 150px) 100vw, 150px\" \/><\/a>\n\t\t\t<\/dt>\n\t\t\t\t<dd class='wp-caption-text gallery-caption' id='gallery-1-3478'>\n\t\t\t\tCom marcador de brinde\n\t\t\t\t<\/dd><\/dl><dl class='gallery-item'>\n\t\t\t<dt class='gallery-icon portrait'>\n\t\t\t\t<a href='https:\/\/pedidos.ohmina.com.br\/blog\/wp-content\/uploads\/2025\/07\/a-prisao-no-ceu-foto3.jpg'><img loading=\"lazy\" decoding=\"async\" width=\"150\" height=\"150\" src=\"https:\/\/pedidos.ohmina.com.br\/blog\/wp-content\/uploads\/2025\/07\/a-prisao-no-ceu-foto3-150x150.jpg\" class=\"attachment-thumbnail size-thumbnail\" alt=\"A Pris\u00e3o no C\u00e9u Foto\" aria-describedby=\"gallery-1-3479\" srcset=\"https:\/\/pedidos.ohmina.com.br\/blog\/wp-content\/uploads\/2025\/07\/a-prisao-no-ceu-foto3-150x150.jpg 150w, https:\/\/pedidos.ohmina.com.br\/blog\/wp-content\/uploads\/2025\/07\/a-prisao-no-ceu-foto3-200x200.jpg 200w\" sizes=\"auto, (max-width: 150px) 100vw, 150px\" \/><\/a>\n\t\t\t<\/dt>\n\t\t\t\t<dd class='wp-caption-text gallery-caption' id='gallery-1-3479'>\n\t\t\t\tHist\u00f3ria de Mina Sakurai\n\t\t\t\t<\/dd><\/dl><dl class='gallery-item'>\n\t\t\t<dt class='gallery-icon portrait'>\n\t\t\t\t<a href='https:\/\/pedidos.ohmina.com.br\/blog\/wp-content\/uploads\/2025\/07\/a-prisao-no-ceu-foto4.jpg'><img loading=\"lazy\" decoding=\"async\" width=\"150\" height=\"150\" src=\"https:\/\/pedidos.ohmina.com.br\/blog\/wp-content\/uploads\/2025\/07\/a-prisao-no-ceu-foto4-150x150.jpg\" class=\"attachment-thumbnail size-thumbnail\" alt=\"A Pris\u00e3o no C\u00e9u Foto\" aria-describedby=\"gallery-1-3480\" srcset=\"https:\/\/pedidos.ohmina.com.br\/blog\/wp-content\/uploads\/2025\/07\/a-prisao-no-ceu-foto4-150x150.jpg 150w, https:\/\/pedidos.ohmina.com.br\/blog\/wp-content\/uploads\/2025\/07\/a-prisao-no-ceu-foto4-200x200.jpg 200w\" sizes=\"auto, (max-width: 150px) 100vw, 150px\" \/><\/a>\n\t\t\t<\/dt>\n\t\t\t\t<dd class='wp-caption-text gallery-caption' id='gallery-1-3480'>\n\t\t\t\tAdapta\u00e7\u00e3o por Marco Kohinata\n\t\t\t\t<\/dd><\/dl><br style=\"clear: both\" \/>\n\t\t<\/div>\n\n<div class=\"destaque\">\n<h3>A Pris\u00e3o no C\u00e9u<\/h3>\n<p><strong>Autoria:<\/strong> Mina Sakurai (autora ) e Marco Kohinata (desenhista)<br \/>\n<strong>G\u00eanero:<\/strong> Drama, slice of life<br \/>\n<strong>P\u00e1ginas:<\/strong> 176<br \/>\n<strong>Recomenda\u00e7\u00e3o et\u00e1ria:<\/strong> 14 anos<br \/>\n<strong>Detalhes especiais:<\/strong> capa com orelhas, acabamento especial e hotstamping. Marcador de brinde<\/p>\n<p>Editora JBC <\/p>\n<li><strong>Impresso<\/strong><\/li>\n<p><strong>Formato:<\/strong> 15,0 \u00d7 21,0 cm<br \/>\n<strong>Pre\u00e7o de capa:<\/strong> R$ 59,90<br \/>\n<strong>ISBN:<\/strong> 9786555947106\n<\/div>\n<p>&nbsp;<\/p>\n<p style=\"text-align: center;\"><a class=\"btn btn-primary\" href=\"https:\/\/pedidos.ohmina.com.br\/pedidos\">Clique e fa\u00e7a o seu pedido agora<\/a><\/p>\n<p>&nbsp;<\/p>\n<blockquote><p>\nQuer receber as atualiza\u00e7\u00f5es direto no seu e-mail? <a href=\"https:\/\/2palit.us\/pedidosjbc\" rel=\"noopener noreferrer\" target=\"_blank\">Clique aqui<\/a> e cadastre-se na nossa lista.\n<\/p><\/blockquote>\n","protected":false},"excerpt":{"rendered":"<p>Uma comovente hist\u00f3ria de &#8220;renascimento&#8221; entre uma prisioneira e as mulheres que vivem na sociedade.<\/p>\n","protected":false},"author":2,"featured_media":3475,"comment_status":"closed","ping_status":"closed","sticky":false,"template":"","format":"standard","meta":{"footnotes":""},"categories":[1],"tags":[17],"class_list":["post-3474","post","type-post","status-publish","format-standard","has-post-thumbnail","hentry","category-noticias","tag-lancamento","colecao-a-prisao-no-ceu"],"yoast_head":"<!-- This site is optimized with the Yoast SEO plugin v27.4 - https:\/\/yoast.com\/product\/yoast-seo-wordpress\/ -->\n<title>Lan\u00e7amento JBC - A Pris\u00e3o no C\u00e9u - Blog Comercial JBC<\/title>\n<meta name=\"robots\" content=\"noindex, follow, max-snippet:-1, max-image-preview:large, max-video-preview:-1\" \/>\n<meta property=\"og:locale\" content=\"pt_BR\" \/>\n<meta property=\"og:type\" content=\"article\" \/>\n<meta property=\"og:title\" content=\"Lan\u00e7amento JBC - A Pris\u00e3o no C\u00e9u - Blog Comercial JBC\" \/>\n<meta property=\"og:description\" content=\"Uma comovente hist\u00f3ria de &quot;renascimento&quot; entre uma prisioneira e as mulheres que vivem na sociedade.\" \/>\n<meta property=\"og:url\" content=\"https:\/\/pedidos.ohmina.com.br\/blog\/lancamento-jbc-a-prisao-no-ceu\/\" \/>\n<meta property=\"og:site_name\" content=\"Blog Comercial JBC\" \/>\n<meta property=\"article:published_time\" content=\"2025-07-22T16:13:32+00:00\" \/>\n<meta property=\"article:modified_time\" content=\"2025-07-22T16:14:36+00:00\" \/>\n<meta property=\"og:image\" content=\"https:\/\/pedidos.ohmina.com.br\/blog\/wp-content\/uploads\/2025\/07\/a-prisao-no-ceu-header.png\" \/>\n\t<meta property=\"og:image:width\" content=\"720\" \/>\n\t<meta property=\"og:image:height\" content=\"260\" \/>\n\t<meta property=\"og:image:type\" content=\"image\/png\" \/>\n<meta name=\"author\" content=\"Comercial JBC\" \/>\n<meta name=\"twitter:card\" content=\"summary_large_image\" \/>\n<meta name=\"twitter:label1\" content=\"Escrito por\" \/>\n\t<meta name=\"twitter:data1\" content=\"Comercial JBC\" \/>\n\t<meta name=\"twitter:label2\" content=\"Est. tempo de leitura\" \/>\n\t<meta name=\"twitter:data2\" content=\"3 minutos\" \/>\n<script type=\"application\/ld+json\" class=\"yoast-schema-graph\">{\"@context\":\"https:\\\/\\\/schema.org\",\"@graph\":[{\"@type\":\"Article\",\"@id\":\"https:\\\/\\\/pedidos.ohmina.com.br\\\/blog\\\/lancamento-jbc-a-prisao-no-ceu\\\/#article\",\"isPartOf\":{\"@id\":\"https:\\\/\\\/pedidos.ohmina.com.br\\\/blog\\\/lancamento-jbc-a-prisao-no-ceu\\\/\"},\"author\":{\"name\":\"Comercial JBC\",\"@id\":\"https:\\\/\\\/pedidos.ohmina.com.br\\\/blog\\\/#\\\/schema\\\/person\\\/277b1670520df5ac3e231e9b3b8d65ec\"},\"headline\":\"Lan\u00e7amento JBC &#8211; A Pris\u00e3o no C\u00e9u\",\"datePublished\":\"2025-07-22T16:13:32+00:00\",\"dateModified\":\"2025-07-22T16:14:36+00:00\",\"mainEntityOfPage\":{\"@id\":\"https:\\\/\\\/pedidos.ohmina.com.br\\\/blog\\\/lancamento-jbc-a-prisao-no-ceu\\\/\"},\"wordCount\":396,\"image\":{\"@id\":\"https:\\\/\\\/pedidos.ohmina.com.br\\\/blog\\\/lancamento-jbc-a-prisao-no-ceu\\\/#primaryimage\"},\"thumbnailUrl\":\"https:\\\/\\\/pedidos.ohmina.com.br\\\/blog\\\/wp-content\\\/uploads\\\/2025\\\/07\\\/a-prisao-no-ceu-header.png\",\"keywords\":[\"Lan\u00e7amento\"],\"articleSection\":[\"Not\u00edcias\"],\"inLanguage\":\"pt-BR\"},{\"@type\":\"WebPage\",\"@id\":\"https:\\\/\\\/pedidos.ohmina.com.br\\\/blog\\\/lancamento-jbc-a-prisao-no-ceu\\\/\",\"url\":\"https:\\\/\\\/pedidos.ohmina.com.br\\\/blog\\\/lancamento-jbc-a-prisao-no-ceu\\\/\",\"name\":\"Lan\u00e7amento JBC - A Pris\u00e3o no C\u00e9u - Blog Comercial JBC\",\"isPartOf\":{\"@id\":\"https:\\\/\\\/pedidos.ohmina.com.br\\\/blog\\\/#website\"},\"primaryImageOfPage\":{\"@id\":\"https:\\\/\\\/pedidos.ohmina.com.br\\\/blog\\\/lancamento-jbc-a-prisao-no-ceu\\\/#primaryimage\"},\"image\":{\"@id\":\"https:\\\/\\\/pedidos.ohmina.com.br\\\/blog\\\/lancamento-jbc-a-prisao-no-ceu\\\/#primaryimage\"},\"thumbnailUrl\":\"https:\\\/\\\/pedidos.ohmina.com.br\\\/blog\\\/wp-content\\\/uploads\\\/2025\\\/07\\\/a-prisao-no-ceu-header.png\",\"datePublished\":\"2025-07-22T16:13:32+00:00\",\"dateModified\":\"2025-07-22T16:14:36+00:00\",\"author\":{\"@id\":\"https:\\\/\\\/pedidos.ohmina.com.br\\\/blog\\\/#\\\/schema\\\/person\\\/277b1670520df5ac3e231e9b3b8d65ec\"},\"breadcrumb\":{\"@id\":\"https:\\\/\\\/pedidos.ohmina.com.br\\\/blog\\\/lancamento-jbc-a-prisao-no-ceu\\\/#breadcrumb\"},\"inLanguage\":\"pt-BR\",\"potentialAction\":[{\"@type\":\"ReadAction\",\"target\":[\"https:\\\/\\\/pedidos.ohmina.com.br\\\/blog\\\/lancamento-jbc-a-prisao-no-ceu\\\/\"]}]},{\"@type\":\"ImageObject\",\"inLanguage\":\"pt-BR\",\"@id\":\"https:\\\/\\\/pedidos.ohmina.com.br\\\/blog\\\/lancamento-jbc-a-prisao-no-ceu\\\/#primaryimage\",\"url\":\"https:\\\/\\\/pedidos.ohmina.com.br\\\/blog\\\/wp-content\\\/uploads\\\/2025\\\/07\\\/a-prisao-no-ceu-header.png\",\"contentUrl\":\"https:\\\/\\\/pedidos.ohmina.com.br\\\/blog\\\/wp-content\\\/uploads\\\/2025\\\/07\\\/a-prisao-no-ceu-header.png\",\"width\":720,\"height\":260},{\"@type\":\"BreadcrumbList\",\"@id\":\"https:\\\/\\\/pedidos.ohmina.com.br\\\/blog\\\/lancamento-jbc-a-prisao-no-ceu\\\/#breadcrumb\",\"itemListElement\":[{\"@type\":\"ListItem\",\"position\":1,\"name\":\"In\u00edcio\",\"item\":\"https:\\\/\\\/pedidos.ohmina.com.br\\\/blog\\\/\"},{\"@type\":\"ListItem\",\"position\":2,\"name\":\"Lan\u00e7amento JBC &#8211; A Pris\u00e3o no C\u00e9u\"}]},{\"@type\":\"WebSite\",\"@id\":\"https:\\\/\\\/pedidos.ohmina.com.br\\\/blog\\\/#website\",\"url\":\"https:\\\/\\\/pedidos.ohmina.com.br\\\/blog\\\/\",\"name\":\"Blog Comercial JBC\",\"description\":\"Informa\u00e7\u00f5es e not\u00edcias da JBC para os lojistas\",\"potentialAction\":[{\"@type\":\"SearchAction\",\"target\":{\"@type\":\"EntryPoint\",\"urlTemplate\":\"https:\\\/\\\/pedidos.ohmina.com.br\\\/blog\\\/?s={search_term_string}\"},\"query-input\":{\"@type\":\"PropertyValueSpecification\",\"valueRequired\":true,\"valueName\":\"search_term_string\"}}],\"inLanguage\":\"pt-BR\"},{\"@type\":\"Person\",\"@id\":\"https:\\\/\\\/pedidos.ohmina.com.br\\\/blog\\\/#\\\/schema\\\/person\\\/277b1670520df5ac3e231e9b3b8d65ec\",\"name\":\"Comercial JBC\",\"image\":{\"@type\":\"ImageObject\",\"inLanguage\":\"pt-BR\",\"@id\":\"https:\\\/\\\/secure.gravatar.com\\\/avatar\\\/7faae9ad74a62852b4d347ffdc9e02f69e32bcd9c77ea82d1c4a165aad947f13?s=96&d=mm&r=g\",\"url\":\"https:\\\/\\\/secure.gravatar.com\\\/avatar\\\/7faae9ad74a62852b4d347ffdc9e02f69e32bcd9c77ea82d1c4a165aad947f13?s=96&d=mm&r=g\",\"contentUrl\":\"https:\\\/\\\/secure.gravatar.com\\\/avatar\\\/7faae9ad74a62852b4d347ffdc9e02f69e32bcd9c77ea82d1c4a165aad947f13?s=96&d=mm&r=g\",\"caption\":\"Comercial JBC\"},\"sameAs\":[\"https:\\\/\\\/editorajbc.com.br\"],\"url\":\"https:\\\/\\\/pedidos.ohmina.com.br\\\/blog\\\/author\\\/comercial-jbc\\\/\"}]}<\/script>\n<!-- \/ Yoast SEO plugin. -->","yoast_head_json":{"title":"Lan\u00e7amento JBC - A Pris\u00e3o no C\u00e9u - Blog Comercial JBC","robots":{"index":"noindex","follow":"follow","max-snippet":"max-snippet:-1","max-image-preview":"max-image-preview:large","max-video-preview":"max-video-preview:-1"},"og_locale":"pt_BR","og_type":"article","og_title":"Lan\u00e7amento JBC - A Pris\u00e3o no C\u00e9u - Blog Comercial JBC","og_description":"Uma comovente hist\u00f3ria de \"renascimento\" entre uma prisioneira e as mulheres que vivem na sociedade.","og_url":"https:\/\/pedidos.ohmina.com.br\/blog\/lancamento-jbc-a-prisao-no-ceu\/","og_site_name":"Blog Comercial JBC","article_published_time":"2025-07-22T16:13:32+00:00","article_modified_time":"2025-07-22T16:14:36+00:00","og_image":[{"width":720,"height":260,"url":"https:\/\/pedidos.ohmina.com.br\/blog\/wp-content\/uploads\/2025\/07\/a-prisao-no-ceu-header.png","type":"image\/png"}],"author":"Comercial JBC","twitter_card":"summary_large_image","twitter_misc":{"Escrito por":"Comercial JBC","Est. tempo de leitura":"3 minutos"},"schema":{"@context":"https:\/\/schema.org","@graph":[{"@type":"Article","@id":"https:\/\/pedidos.ohmina.com.br\/blog\/lancamento-jbc-a-prisao-no-ceu\/#article","isPartOf":{"@id":"https:\/\/pedidos.ohmina.com.br\/blog\/lancamento-jbc-a-prisao-no-ceu\/"},"author":{"name":"Comercial JBC","@id":"https:\/\/pedidos.ohmina.com.br\/blog\/#\/schema\/person\/277b1670520df5ac3e231e9b3b8d65ec"},"headline":"Lan\u00e7amento JBC &#8211; A Pris\u00e3o no C\u00e9u","datePublished":"2025-07-22T16:13:32+00:00","dateModified":"2025-07-22T16:14:36+00:00","mainEntityOfPage":{"@id":"https:\/\/pedidos.ohmina.com.br\/blog\/lancamento-jbc-a-prisao-no-ceu\/"},"wordCount":396,"image":{"@id":"https:\/\/pedidos.ohmina.com.br\/blog\/lancamento-jbc-a-prisao-no-ceu\/#primaryimage"},"thumbnailUrl":"https:\/\/pedidos.ohmina.com.br\/blog\/wp-content\/uploads\/2025\/07\/a-prisao-no-ceu-header.png","keywords":["Lan\u00e7amento"],"articleSection":["Not\u00edcias"],"inLanguage":"pt-BR"},{"@type":"WebPage","@id":"https:\/\/pedidos.ohmina.com.br\/blog\/lancamento-jbc-a-prisao-no-ceu\/","url":"https:\/\/pedidos.ohmina.com.br\/blog\/lancamento-jbc-a-prisao-no-ceu\/","name":"Lan\u00e7amento JBC - A Pris\u00e3o no C\u00e9u - Blog Comercial JBC","isPartOf":{"@id":"https:\/\/pedidos.ohmina.com.br\/blog\/#website"},"primaryImageOfPage":{"@id":"https:\/\/pedidos.ohmina.com.br\/blog\/lancamento-jbc-a-prisao-no-ceu\/#primaryimage"},"image":{"@id":"https:\/\/pedidos.ohmina.com.br\/blog\/lancamento-jbc-a-prisao-no-ceu\/#primaryimage"},"thumbnailUrl":"https:\/\/pedidos.ohmina.com.br\/blog\/wp-content\/uploads\/2025\/07\/a-prisao-no-ceu-header.png","datePublished":"2025-07-22T16:13:32+00:00","dateModified":"2025-07-22T16:14:36+00:00","author":{"@id":"https:\/\/pedidos.ohmina.com.br\/blog\/#\/schema\/person\/277b1670520df5ac3e231e9b3b8d65ec"},"breadcrumb":{"@id":"https:\/\/pedidos.ohmina.com.br\/blog\/lancamento-jbc-a-prisao-no-ceu\/#breadcrumb"},"inLanguage":"pt-BR","potentialAction":[{"@type":"ReadAction","target":["https:\/\/pedidos.ohmina.com.br\/blog\/lancamento-jbc-a-prisao-no-ceu\/"]}]},{"@type":"ImageObject","inLanguage":"pt-BR","@id":"https:\/\/pedidos.ohmina.com.br\/blog\/lancamento-jbc-a-prisao-no-ceu\/#primaryimage","url":"https:\/\/pedidos.ohmina.com.br\/blog\/wp-content\/uploads\/2025\/07\/a-prisao-no-ceu-header.png","contentUrl":"https:\/\/pedidos.ohmina.com.br\/blog\/wp-content\/uploads\/2025\/07\/a-prisao-no-ceu-header.png","width":720,"height":260},{"@type":"BreadcrumbList","@id":"https:\/\/pedidos.ohmina.com.br\/blog\/lancamento-jbc-a-prisao-no-ceu\/#breadcrumb","itemListElement":[{"@type":"ListItem","position":1,"name":"In\u00edcio","item":"https:\/\/pedidos.ohmina.com.br\/blog\/"},{"@type":"ListItem","position":2,"name":"Lan\u00e7amento JBC &#8211; A Pris\u00e3o no C\u00e9u"}]},{"@type":"WebSite","@id":"https:\/\/pedidos.ohmina.com.br\/blog\/#website","url":"https:\/\/pedidos.ohmina.com.br\/blog\/","name":"Blog Comercial JBC","description":"Informa\u00e7\u00f5es e not\u00edcias da JBC para os lojistas","potentialAction":[{"@type":"SearchAction","target":{"@type":"EntryPoint","urlTemplate":"https:\/\/pedidos.ohmina.com.br\/blog\/?s={search_term_string}"},"query-input":{"@type":"PropertyValueSpecification","valueRequired":true,"valueName":"search_term_string"}}],"inLanguage":"pt-BR"},{"@type":"Person","@id":"https:\/\/pedidos.ohmina.com.br\/blog\/#\/schema\/person\/277b1670520df5ac3e231e9b3b8d65ec","name":"Comercial JBC","image":{"@type":"ImageObject","inLanguage":"pt-BR","@id":"https:\/\/secure.gravatar.com\/avatar\/7faae9ad74a62852b4d347ffdc9e02f69e32bcd9c77ea82d1c4a165aad947f13?s=96&d=mm&r=g","url":"https:\/\/secure.gravatar.com\/avatar\/7faae9ad74a62852b4d347ffdc9e02f69e32bcd9c77ea82d1c4a165aad947f13?s=96&d=mm&r=g","contentUrl":"https:\/\/secure.gravatar.com\/avatar\/7faae9ad74a62852b4d347ffdc9e02f69e32bcd9c77ea82d1c4a165aad947f13?s=96&d=mm&r=g","caption":"Comercial JBC"},"sameAs":["https:\/\/editorajbc.com.br"],"url":"https:\/\/pedidos.ohmina.com.br\/blog\/author\/comercial-jbc\/"}]}},"_links":{"self":[{"href":"https:\/\/pedidos.ohmina.com.br\/blog\/wp-json\/wp\/v2\/posts\/3474","targetHints":{"allow":["GET"]}}],"collection":[{"href":"https:\/\/pedidos.ohmina.com.br\/blog\/wp-json\/wp\/v2\/posts"}],"about":[{"href":"https:\/\/pedidos.ohmina.com.br\/blog\/wp-json\/wp\/v2\/types\/post"}],"author":[{"embeddable":true,"href":"https:\/\/pedidos.ohmina.com.br\/blog\/wp-json\/wp\/v2\/users\/2"}],"replies":[{"embeddable":true,"href":"https:\/\/pedidos.ohmina.com.br\/blog\/wp-json\/wp\/v2\/comments?post=3474"}],"version-history":[{"count":1,"href":"https:\/\/pedidos.ohmina.com.br\/blog\/wp-json\/wp\/v2\/posts\/3474\/revisions"}],"predecessor-version":[{"id":3481,"href":"https:\/\/pedidos.ohmina.com.br\/blog\/wp-json\/wp\/v2\/posts\/3474\/revisions\/3481"}],"wp:featuredmedia":[{"embeddable":true,"href":"https:\/\/pedidos.ohmina.com.br\/blog\/wp-json\/wp\/v2\/media\/3475"}],"wp:attachment":[{"href":"https:\/\/pedidos.ohmina.com.br\/blog\/wp-json\/wp\/v2\/media?parent=3474"}],"wp:term":[{"taxonomy":"category","embeddable":true,"href":"https:\/\/pedidos.ohmina.com.br\/blog\/wp-json\/wp\/v2\/categories?post=3474"},{"taxonomy":"post_tag","embeddable":true,"href":"https:\/\/pedidos.ohmina.com.br\/blog\/wp-json\/wp\/v2\/tags?post=3474"}],"curies":[{"name":"wp","href":"https:\/\/api.w.org\/{rel}","templated":true}]}}