{"id":3055,"date":"2024-11-26T17:20:59","date_gmt":"2024-11-26T20:20:59","guid":{"rendered":"https:\/\/pedidos.ohmina.com.br\/blog\/?p=3055"},"modified":"2024-11-26T17:20:59","modified_gmt":"2024-11-26T20:20:59","slug":"recesso-de-fim-de-ano-em-2024","status":"publish","type":"post","link":"https:\/\/pedidos.ohmina.com.br\/blog\/recesso-de-fim-de-ano-em-2024\/","title":{"rendered":"Recesso de fim de ano em 2024"},"content":{"rendered":"<p><img loading=\"lazy\" decoding=\"async\" src=\"https:\/\/pedidos.ohmina.com.br\/blog\/wp-content\/uploads\/2024\/11\/recesso-comercial-jbc-2024.png\" alt=\"\" width=\"600\" height=\"250\" class=\"aligncenter size-full wp-image-3057\" srcset=\"https:\/\/pedidos.ohmina.com.br\/blog\/wp-content\/uploads\/2024\/11\/recesso-comercial-jbc-2024.png 600w, https:\/\/pedidos.ohmina.com.br\/blog\/wp-content\/uploads\/2024\/11\/recesso-comercial-jbc-2024-300x125.png 300w\" sizes=\"auto, (max-width: 600px) 100vw, 600px\" \/><br \/>\nAs festas de fim de ano est\u00e3o se aproximando, por isso prepare-se para garantir suas mercadorias ainda em 2024.  <\/p>\n<p>Antecipe seus pedidos, nossa data limite de recebimento de pedidos ser\u00e1 <strong>AT\u00c9 13\/12\/2024*<\/strong> (sexta-feira). <\/p>\n<p><em>*Em dezembro, apenas pedidos enviados nesse per\u00edodo ser\u00e3o atendidos ainda em 2024, ap\u00f3s essa data os pedidos ser\u00e3o atendidos em a partir de 06\/01\/2025.<\/em>  <\/p>\n<p>Nosso recesso ser\u00e1 de 23\/11\/2024 a 05\/01\/2025.<\/p>\n<div class=\"destaque\">\n<h4>Aten\u00e7\u00e3o \u00e0s datas<\/h4>\n<ul>\n<li><strong>Pedidos at\u00e9:<\/strong> 13 de dezembro de 2024<\/li>\n<\/ul>\n<\/div>\n<p>Desde j\u00e1, agradecemos a compreens\u00e3o.<br \/>\n&nbsp;<\/p>\n<p style=\"text-align: center;\"><a class=\"btn btn-primary\" href=\"https:\/\/pedidos.ohmina.com.br\/pedidos\">Clique e fa\u00e7a o seu pedido agora<\/a><\/p>\n<p>&nbsp;<\/p>\n","protected":false},"excerpt":{"rendered":"<p>Receberemos novos pedidos at\u00e9 13 de dezembro de 2024, com previs\u00e3o de retorno em 6 de janeiro de 2025.<\/p>\n","protected":false},"author":2,"featured_media":3057,"comment_status":"closed","ping_status":"closed","sticky":false,"template":"","format":"standard","meta":{"footnotes":""},"categories":[2],"tags":[],"class_list":["post-3055","post","type-post","status-publish","format-standard","has-post-thumbnail","hentry","category-avisos"],"yoast_head":"<!-- This site is optimized with the Yoast SEO plugin v27.4 - https:\/\/yoast.com\/product\/yoast-seo-wordpress\/ -->\n<title>Recesso de fim de ano em 2024 - Blog Comercial JBC<\/title>\n<meta name=\"robots\" content=\"noindex, follow, max-snippet:-1, max-image-preview:large, max-video-preview:-1\" \/>\n<meta property=\"og:locale\" content=\"pt_BR\" \/>\n<meta property=\"og:type\" content=\"article\" \/>\n<meta property=\"og:title\" content=\"Recesso de fim de ano em 2024 - Blog Comercial JBC\" \/>\n<meta property=\"og:description\" content=\"Receberemos novos pedidos at\u00e9 13 de dezembro de 2024, com previs\u00e3o de retorno em 6 de janeiro de 2025.\" \/>\n<meta property=\"og:url\" content=\"https:\/\/pedidos.ohmina.com.br\/blog\/recesso-de-fim-de-ano-em-2024\/\" \/>\n<meta property=\"og:site_name\" content=\"Blog Comercial JBC\" \/>\n<meta property=\"article:published_time\" content=\"2024-11-26T20:20:59+00:00\" \/>\n<meta property=\"og:image\" content=\"https:\/\/pedidos.ohmina.com.br\/blog\/wp-content\/uploads\/2024\/11\/recesso-comercial-jbc-2024.png\" \/>\n\t<meta property=\"og:image:width\" content=\"600\" \/>\n\t<meta property=\"og:image:height\" content=\"250\" \/>\n\t<meta property=\"og:image:type\" content=\"image\/png\" \/>\n<meta name=\"author\" content=\"Comercial JBC\" \/>\n<meta name=\"twitter:card\" content=\"summary_large_image\" \/>\n<meta name=\"twitter:label1\" content=\"Escrito por\" \/>\n\t<meta name=\"twitter:data1\" content=\"Comercial JBC\" \/>\n\t<meta name=\"twitter:label2\" content=\"Est. tempo de leitura\" \/>\n\t<meta name=\"twitter:data2\" content=\"1 minuto\" \/>\n<script type=\"application\/ld+json\" class=\"yoast-schema-graph\">{\"@context\":\"https:\\\/\\\/schema.org\",\"@graph\":[{\"@type\":\"Article\",\"@id\":\"https:\\\/\\\/pedidos.ohmina.com.br\\\/blog\\\/recesso-de-fim-de-ano-em-2024\\\/#article\",\"isPartOf\":{\"@id\":\"https:\\\/\\\/pedidos.ohmina.com.br\\\/blog\\\/recesso-de-fim-de-ano-em-2024\\\/\"},\"author\":{\"name\":\"Comercial JBC\",\"@id\":\"https:\\\/\\\/pedidos.ohmina.com.br\\\/blog\\\/#\\\/schema\\\/person\\\/277b1670520df5ac3e231e9b3b8d65ec\"},\"headline\":\"Recesso de fim de ano em 2024\",\"datePublished\":\"2024-11-26T20:20:59+00:00\",\"mainEntityOfPage\":{\"@id\":\"https:\\\/\\\/pedidos.ohmina.com.br\\\/blog\\\/recesso-de-fim-de-ano-em-2024\\\/\"},\"wordCount\":94,\"image\":{\"@id\":\"https:\\\/\\\/pedidos.ohmina.com.br\\\/blog\\\/recesso-de-fim-de-ano-em-2024\\\/#primaryimage\"},\"thumbnailUrl\":\"https:\\\/\\\/pedidos.ohmina.com.br\\\/blog\\\/wp-content\\\/uploads\\\/2024\\\/11\\\/recesso-comercial-jbc-2024.png\",\"articleSection\":[\"Avisos\"],\"inLanguage\":\"pt-BR\"},{\"@type\":\"WebPage\",\"@id\":\"https:\\\/\\\/pedidos.ohmina.com.br\\\/blog\\\/recesso-de-fim-de-ano-em-2024\\\/\",\"url\":\"https:\\\/\\\/pedidos.ohmina.com.br\\\/blog\\\/recesso-de-fim-de-ano-em-2024\\\/\",\"name\":\"Recesso de fim de ano em 2024 - Blog Comercial JBC\",\"isPartOf\":{\"@id\":\"https:\\\/\\\/pedidos.ohmina.com.br\\\/blog\\\/#website\"},\"primaryImageOfPage\":{\"@id\":\"https:\\\/\\\/pedidos.ohmina.com.br\\\/blog\\\/recesso-de-fim-de-ano-em-2024\\\/#primaryimage\"},\"image\":{\"@id\":\"https:\\\/\\\/pedidos.ohmina.com.br\\\/blog\\\/recesso-de-fim-de-ano-em-2024\\\/#primaryimage\"},\"thumbnailUrl\":\"https:\\\/\\\/pedidos.ohmina.com.br\\\/blog\\\/wp-content\\\/uploads\\\/2024\\\/11\\\/recesso-comercial-jbc-2024.png\",\"datePublished\":\"2024-11-26T20:20:59+00:00\",\"author\":{\"@id\":\"https:\\\/\\\/pedidos.ohmina.com.br\\\/blog\\\/#\\\/schema\\\/person\\\/277b1670520df5ac3e231e9b3b8d65ec\"},\"breadcrumb\":{\"@id\":\"https:\\\/\\\/pedidos.ohmina.com.br\\\/blog\\\/recesso-de-fim-de-ano-em-2024\\\/#breadcrumb\"},\"inLanguage\":\"pt-BR\",\"potentialAction\":[{\"@type\":\"ReadAction\",\"target\":[\"https:\\\/\\\/pedidos.ohmina.com.br\\\/blog\\\/recesso-de-fim-de-ano-em-2024\\\/\"]}]},{\"@type\":\"ImageObject\",\"inLanguage\":\"pt-BR\",\"@id\":\"https:\\\/\\\/pedidos.ohmina.com.br\\\/blog\\\/recesso-de-fim-de-ano-em-2024\\\/#primaryimage\",\"url\":\"https:\\\/\\\/pedidos.ohmina.com.br\\\/blog\\\/wp-content\\\/uploads\\\/2024\\\/11\\\/recesso-comercial-jbc-2024.png\",\"contentUrl\":\"https:\\\/\\\/pedidos.ohmina.com.br\\\/blog\\\/wp-content\\\/uploads\\\/2024\\\/11\\\/recesso-comercial-jbc-2024.png\",\"width\":600,\"height\":250},{\"@type\":\"BreadcrumbList\",\"@id\":\"https:\\\/\\\/pedidos.ohmina.com.br\\\/blog\\\/recesso-de-fim-de-ano-em-2024\\\/#breadcrumb\",\"itemListElement\":[{\"@type\":\"ListItem\",\"position\":1,\"name\":\"In\u00edcio\",\"item\":\"https:\\\/\\\/pedidos.ohmina.com.br\\\/blog\\\/\"},{\"@type\":\"ListItem\",\"position\":2,\"name\":\"Recesso de fim de ano em 2024\"}]},{\"@type\":\"WebSite\",\"@id\":\"https:\\\/\\\/pedidos.ohmina.com.br\\\/blog\\\/#website\",\"url\":\"https:\\\/\\\/pedidos.ohmina.com.br\\\/blog\\\/\",\"name\":\"Blog Comercial JBC\",\"description\":\"Informa\u00e7\u00f5es e not\u00edcias da JBC para os lojistas\",\"potentialAction\":[{\"@type\":\"SearchAction\",\"target\":{\"@type\":\"EntryPoint\",\"urlTemplate\":\"https:\\\/\\\/pedidos.ohmina.com.br\\\/blog\\\/?s={search_term_string}\"},\"query-input\":{\"@type\":\"PropertyValueSpecification\",\"valueRequired\":true,\"valueName\":\"search_term_string\"}}],\"inLanguage\":\"pt-BR\"},{\"@type\":\"Person\",\"@id\":\"https:\\\/\\\/pedidos.ohmina.com.br\\\/blog\\\/#\\\/schema\\\/person\\\/277b1670520df5ac3e231e9b3b8d65ec\",\"name\":\"Comercial JBC\",\"image\":{\"@type\":\"ImageObject\",\"inLanguage\":\"pt-BR\",\"@id\":\"https:\\\/\\\/secure.gravatar.com\\\/avatar\\\/7faae9ad74a62852b4d347ffdc9e02f69e32bcd9c77ea82d1c4a165aad947f13?s=96&d=mm&r=g\",\"url\":\"https:\\\/\\\/secure.gravatar.com\\\/avatar\\\/7faae9ad74a62852b4d347ffdc9e02f69e32bcd9c77ea82d1c4a165aad947f13?s=96&d=mm&r=g\",\"contentUrl\":\"https:\\\/\\\/secure.gravatar.com\\\/avatar\\\/7faae9ad74a62852b4d347ffdc9e02f69e32bcd9c77ea82d1c4a165aad947f13?s=96&d=mm&r=g\",\"caption\":\"Comercial JBC\"},\"sameAs\":[\"https:\\\/\\\/editorajbc.com.br\"],\"url\":\"https:\\\/\\\/pedidos.ohmina.com.br\\\/blog\\\/author\\\/comercial-jbc\\\/\"}]}<\/script>\n<!-- \/ Yoast SEO plugin. -->","yoast_head_json":{"title":"Recesso de fim de ano em 2024 - Blog Comercial JBC","robots":{"index":"noindex","follow":"follow","max-snippet":"max-snippet:-1","max-image-preview":"max-image-preview:large","max-video-preview":"max-video-preview:-1"},"og_locale":"pt_BR","og_type":"article","og_title":"Recesso de fim de ano em 2024 - Blog Comercial JBC","og_description":"Receberemos novos pedidos at\u00e9 13 de dezembro de 2024, com previs\u00e3o de retorno em 6 de janeiro de 2025.","og_url":"https:\/\/pedidos.ohmina.com.br\/blog\/recesso-de-fim-de-ano-em-2024\/","og_site_name":"Blog Comercial JBC","article_published_time":"2024-11-26T20:20:59+00:00","og_image":[{"width":600,"height":250,"url":"https:\/\/pedidos.ohmina.com.br\/blog\/wp-content\/uploads\/2024\/11\/recesso-comercial-jbc-2024.png","type":"image\/png"}],"author":"Comercial JBC","twitter_card":"summary_large_image","twitter_misc":{"Escrito por":"Comercial JBC","Est. tempo de leitura":"1 minuto"},"schema":{"@context":"https:\/\/schema.org","@graph":[{"@type":"Article","@id":"https:\/\/pedidos.ohmina.com.br\/blog\/recesso-de-fim-de-ano-em-2024\/#article","isPartOf":{"@id":"https:\/\/pedidos.ohmina.com.br\/blog\/recesso-de-fim-de-ano-em-2024\/"},"author":{"name":"Comercial JBC","@id":"https:\/\/pedidos.ohmina.com.br\/blog\/#\/schema\/person\/277b1670520df5ac3e231e9b3b8d65ec"},"headline":"Recesso de fim de ano em 2024","datePublished":"2024-11-26T20:20:59+00:00","mainEntityOfPage":{"@id":"https:\/\/pedidos.ohmina.com.br\/blog\/recesso-de-fim-de-ano-em-2024\/"},"wordCount":94,"image":{"@id":"https:\/\/pedidos.ohmina.com.br\/blog\/recesso-de-fim-de-ano-em-2024\/#primaryimage"},"thumbnailUrl":"https:\/\/pedidos.ohmina.com.br\/blog\/wp-content\/uploads\/2024\/11\/recesso-comercial-jbc-2024.png","articleSection":["Avisos"],"inLanguage":"pt-BR"},{"@type":"WebPage","@id":"https:\/\/pedidos.ohmina.com.br\/blog\/recesso-de-fim-de-ano-em-2024\/","url":"https:\/\/pedidos.ohmina.com.br\/blog\/recesso-de-fim-de-ano-em-2024\/","name":"Recesso de fim de ano em 2024 - Blog Comercial JBC","isPartOf":{"@id":"https:\/\/pedidos.ohmina.com.br\/blog\/#website"},"primaryImageOfPage":{"@id":"https:\/\/pedidos.ohmina.com.br\/blog\/recesso-de-fim-de-ano-em-2024\/#primaryimage"},"image":{"@id":"https:\/\/pedidos.ohmina.com.br\/blog\/recesso-de-fim-de-ano-em-2024\/#primaryimage"},"thumbnailUrl":"https:\/\/pedidos.ohmina.com.br\/blog\/wp-content\/uploads\/2024\/11\/recesso-comercial-jbc-2024.png","datePublished":"2024-11-26T20:20:59+00:00","author":{"@id":"https:\/\/pedidos.ohmina.com.br\/blog\/#\/schema\/person\/277b1670520df5ac3e231e9b3b8d65ec"},"breadcrumb":{"@id":"https:\/\/pedidos.ohmina.com.br\/blog\/recesso-de-fim-de-ano-em-2024\/#breadcrumb"},"inLanguage":"pt-BR","potentialAction":[{"@type":"ReadAction","target":["https:\/\/pedidos.ohmina.com.br\/blog\/recesso-de-fim-de-ano-em-2024\/"]}]},{"@type":"ImageObject","inLanguage":"pt-BR","@id":"https:\/\/pedidos.ohmina.com.br\/blog\/recesso-de-fim-de-ano-em-2024\/#primaryimage","url":"https:\/\/pedidos.ohmina.com.br\/blog\/wp-content\/uploads\/2024\/11\/recesso-comercial-jbc-2024.png","contentUrl":"https:\/\/pedidos.ohmina.com.br\/blog\/wp-content\/uploads\/2024\/11\/recesso-comercial-jbc-2024.png","width":600,"height":250},{"@type":"BreadcrumbList","@id":"https:\/\/pedidos.ohmina.com.br\/blog\/recesso-de-fim-de-ano-em-2024\/#breadcrumb","itemListElement":[{"@type":"ListItem","position":1,"name":"In\u00edcio","item":"https:\/\/pedidos.ohmina.com.br\/blog\/"},{"@type":"ListItem","position":2,"name":"Recesso de fim de ano em 2024"}]},{"@type":"WebSite","@id":"https:\/\/pedidos.ohmina.com.br\/blog\/#website","url":"https:\/\/pedidos.ohmina.com.br\/blog\/","name":"Blog Comercial JBC","description":"Informa\u00e7\u00f5es e not\u00edcias da JBC para os lojistas","potentialAction":[{"@type":"SearchAction","target":{"@type":"EntryPoint","urlTemplate":"https:\/\/pedidos.ohmina.com.br\/blog\/?s={search_term_string}"},"query-input":{"@type":"PropertyValueSpecification","valueRequired":true,"valueName":"search_term_string"}}],"inLanguage":"pt-BR"},{"@type":"Person","@id":"https:\/\/pedidos.ohmina.com.br\/blog\/#\/schema\/person\/277b1670520df5ac3e231e9b3b8d65ec","name":"Comercial JBC","image":{"@type":"ImageObject","inLanguage":"pt-BR","@id":"https:\/\/secure.gravatar.com\/avatar\/7faae9ad74a62852b4d347ffdc9e02f69e32bcd9c77ea82d1c4a165aad947f13?s=96&d=mm&r=g","url":"https:\/\/secure.gravatar.com\/avatar\/7faae9ad74a62852b4d347ffdc9e02f69e32bcd9c77ea82d1c4a165aad947f13?s=96&d=mm&r=g","contentUrl":"https:\/\/secure.gravatar.com\/avatar\/7faae9ad74a62852b4d347ffdc9e02f69e32bcd9c77ea82d1c4a165aad947f13?s=96&d=mm&r=g","caption":"Comercial JBC"},"sameAs":["https:\/\/editorajbc.com.br"],"url":"https:\/\/pedidos.ohmina.com.br\/blog\/author\/comercial-jbc\/"}]}},"_links":{"self":[{"href":"https:\/\/pedidos.ohmina.com.br\/blog\/wp-json\/wp\/v2\/posts\/3055","targetHints":{"allow":["GET"]}}],"collection":[{"href":"https:\/\/pedidos.ohmina.com.br\/blog\/wp-json\/wp\/v2\/posts"}],"about":[{"href":"https:\/\/pedidos.ohmina.com.br\/blog\/wp-json\/wp\/v2\/types\/post"}],"author":[{"embeddable":true,"href":"https:\/\/pedidos.ohmina.com.br\/blog\/wp-json\/wp\/v2\/users\/2"}],"replies":[{"embeddable":true,"href":"https:\/\/pedidos.ohmina.com.br\/blog\/wp-json\/wp\/v2\/comments?post=3055"}],"version-history":[{"count":1,"href":"https:\/\/pedidos.ohmina.com.br\/blog\/wp-json\/wp\/v2\/posts\/3055\/revisions"}],"predecessor-version":[{"id":3058,"href":"https:\/\/pedidos.ohmina.com.br\/blog\/wp-json\/wp\/v2\/posts\/3055\/revisions\/3058"}],"wp:featuredmedia":[{"embeddable":true,"href":"https:\/\/pedidos.ohmina.com.br\/blog\/wp-json\/wp\/v2\/media\/3057"}],"wp:attachment":[{"href":"https:\/\/pedidos.ohmina.com.br\/blog\/wp-json\/wp\/v2\/media?parent=3055"}],"wp:term":[{"taxonomy":"category","embeddable":true,"href":"https:\/\/pedidos.ohmina.com.br\/blog\/wp-json\/wp\/v2\/categories?post=3055"},{"taxonomy":"post_tag","embeddable":true,"href":"https:\/\/pedidos.ohmina.com.br\/blog\/wp-json\/wp\/v2\/tags?post=3055"}],"curies":[{"name":"wp","href":"https:\/\/api.w.org\/{rel}","templated":true}]}}