{"id":1614,"date":"2023-02-16T14:34:01","date_gmt":"2023-02-16T17:34:01","guid":{"rendered":"https:\/\/pedidos.ohmina.com.br\/blog\/?p=1614"},"modified":"2023-02-16T14:34:01","modified_gmt":"2023-02-16T17:34:01","slug":"feriado-no-carnaval-2023","status":"publish","type":"post","link":"https:\/\/pedidos.ohmina.com.br\/blog\/feriado-no-carnaval-2023\/","title":{"rendered":"Feriado no Carnaval 2023"},"content":{"rendered":"<div class=\"destaque\">O Carnaval est\u00e1 chegando e a JBC estar\u00e1 de recesso no in\u00edcio da semana do feriado.<\/p>\n<p>Por isso, nos dias <strong>20 e 21 de fevereiro n\u00e3o haver\u00e1 atendimento<\/strong> para pedidos e entregas dos produtos. <\/p>\n<p>A equipe estar\u00e1 de volta no dia 22 (quarta-feira), a partir das 13h.<\/p>\n<\/div>\n","protected":false},"excerpt":{"rendered":"<p>Nos dias 20 e 21 de fevereiro n\u00e3o haver\u00e1 atendimento devido ao feriado.<\/p>\n","protected":false},"author":2,"featured_media":0,"comment_status":"closed","ping_status":"closed","sticky":false,"template":"","format":"standard","meta":{"footnotes":""},"categories":[2],"tags":[150],"class_list":["post-1614","post","type-post","status-publish","format-standard","hentry","category-avisos","tag-feriado"],"yoast_head":"<!-- This site is optimized with the Yoast SEO plugin v27.5 - https:\/\/yoast.com\/product\/yoast-seo-wordpress\/ -->\n<title>Feriado no Carnaval 2023 - Blog Comercial JBC<\/title>\n<meta name=\"robots\" content=\"noindex, follow, max-snippet:-1, max-image-preview:large, max-video-preview:-1\" \/>\n<meta property=\"og:locale\" content=\"pt_BR\" \/>\n<meta property=\"og:type\" content=\"article\" \/>\n<meta property=\"og:title\" content=\"Feriado no Carnaval 2023 - Blog Comercial JBC\" \/>\n<meta property=\"og:description\" content=\"Nos dias 20 e 21 de fevereiro n\u00e3o haver\u00e1 atendimento devido ao feriado.\" \/>\n<meta property=\"og:url\" content=\"https:\/\/pedidos.ohmina.com.br\/blog\/feriado-no-carnaval-2023\/\" \/>\n<meta property=\"og:site_name\" content=\"Blog Comercial JBC\" \/>\n<meta property=\"article:published_time\" content=\"2023-02-16T17:34:01+00:00\" \/>\n<meta name=\"author\" content=\"Comercial JBC\" \/>\n<meta name=\"twitter:card\" content=\"summary_large_image\" \/>\n<meta name=\"twitter:label1\" content=\"Escrito por\" \/>\n\t<meta name=\"twitter:data1\" content=\"Comercial JBC\" \/>\n\t<meta name=\"twitter:label2\" content=\"Est. tempo de leitura\" \/>\n\t<meta name=\"twitter:data2\" content=\"1 minuto\" \/>\n<script type=\"application\/ld+json\" class=\"yoast-schema-graph\">{\"@context\":\"https:\\\/\\\/schema.org\",\"@graph\":[{\"@type\":\"Article\",\"@id\":\"https:\\\/\\\/pedidos.ohmina.com.br\\\/blog\\\/feriado-no-carnaval-2023\\\/#article\",\"isPartOf\":{\"@id\":\"https:\\\/\\\/pedidos.ohmina.com.br\\\/blog\\\/feriado-no-carnaval-2023\\\/\"},\"author\":{\"name\":\"Comercial JBC\",\"@id\":\"https:\\\/\\\/pedidos.ohmina.com.br\\\/blog\\\/#\\\/schema\\\/person\\\/277b1670520df5ac3e231e9b3b8d65ec\"},\"headline\":\"Feriado no Carnaval 2023\",\"datePublished\":\"2023-02-16T17:34:01+00:00\",\"mainEntityOfPage\":{\"@id\":\"https:\\\/\\\/pedidos.ohmina.com.br\\\/blog\\\/feriado-no-carnaval-2023\\\/\"},\"wordCount\":49,\"keywords\":[\"feriado\"],\"articleSection\":[\"Avisos\"],\"inLanguage\":\"pt-BR\"},{\"@type\":\"WebPage\",\"@id\":\"https:\\\/\\\/pedidos.ohmina.com.br\\\/blog\\\/feriado-no-carnaval-2023\\\/\",\"url\":\"https:\\\/\\\/pedidos.ohmina.com.br\\\/blog\\\/feriado-no-carnaval-2023\\\/\",\"name\":\"Feriado no Carnaval 2023 - Blog Comercial JBC\",\"isPartOf\":{\"@id\":\"https:\\\/\\\/pedidos.ohmina.com.br\\\/blog\\\/#website\"},\"datePublished\":\"2023-02-16T17:34:01+00:00\",\"author\":{\"@id\":\"https:\\\/\\\/pedidos.ohmina.com.br\\\/blog\\\/#\\\/schema\\\/person\\\/277b1670520df5ac3e231e9b3b8d65ec\"},\"breadcrumb\":{\"@id\":\"https:\\\/\\\/pedidos.ohmina.com.br\\\/blog\\\/feriado-no-carnaval-2023\\\/#breadcrumb\"},\"inLanguage\":\"pt-BR\",\"potentialAction\":[{\"@type\":\"ReadAction\",\"target\":[\"https:\\\/\\\/pedidos.ohmina.com.br\\\/blog\\\/feriado-no-carnaval-2023\\\/\"]}]},{\"@type\":\"BreadcrumbList\",\"@id\":\"https:\\\/\\\/pedidos.ohmina.com.br\\\/blog\\\/feriado-no-carnaval-2023\\\/#breadcrumb\",\"itemListElement\":[{\"@type\":\"ListItem\",\"position\":1,\"name\":\"In\u00edcio\",\"item\":\"https:\\\/\\\/pedidos.ohmina.com.br\\\/blog\\\/\"},{\"@type\":\"ListItem\",\"position\":2,\"name\":\"Feriado no Carnaval 2023\"}]},{\"@type\":\"WebSite\",\"@id\":\"https:\\\/\\\/pedidos.ohmina.com.br\\\/blog\\\/#website\",\"url\":\"https:\\\/\\\/pedidos.ohmina.com.br\\\/blog\\\/\",\"name\":\"Blog Comercial JBC\",\"description\":\"Informa\u00e7\u00f5es e not\u00edcias da JBC para os lojistas\",\"potentialAction\":[{\"@type\":\"SearchAction\",\"target\":{\"@type\":\"EntryPoint\",\"urlTemplate\":\"https:\\\/\\\/pedidos.ohmina.com.br\\\/blog\\\/?s={search_term_string}\"},\"query-input\":{\"@type\":\"PropertyValueSpecification\",\"valueRequired\":true,\"valueName\":\"search_term_string\"}}],\"inLanguage\":\"pt-BR\"},{\"@type\":\"Person\",\"@id\":\"https:\\\/\\\/pedidos.ohmina.com.br\\\/blog\\\/#\\\/schema\\\/person\\\/277b1670520df5ac3e231e9b3b8d65ec\",\"name\":\"Comercial JBC\",\"image\":{\"@type\":\"ImageObject\",\"inLanguage\":\"pt-BR\",\"@id\":\"https:\\\/\\\/secure.gravatar.com\\\/avatar\\\/7faae9ad74a62852b4d347ffdc9e02f69e32bcd9c77ea82d1c4a165aad947f13?s=96&d=mm&r=g\",\"url\":\"https:\\\/\\\/secure.gravatar.com\\\/avatar\\\/7faae9ad74a62852b4d347ffdc9e02f69e32bcd9c77ea82d1c4a165aad947f13?s=96&d=mm&r=g\",\"contentUrl\":\"https:\\\/\\\/secure.gravatar.com\\\/avatar\\\/7faae9ad74a62852b4d347ffdc9e02f69e32bcd9c77ea82d1c4a165aad947f13?s=96&d=mm&r=g\",\"caption\":\"Comercial JBC\"},\"sameAs\":[\"https:\\\/\\\/editorajbc.com.br\"],\"url\":\"https:\\\/\\\/pedidos.ohmina.com.br\\\/blog\\\/author\\\/comercial-jbc\\\/\"}]}<\/script>\n<!-- \/ Yoast SEO plugin. -->","yoast_head_json":{"title":"Feriado no Carnaval 2023 - Blog Comercial JBC","robots":{"index":"noindex","follow":"follow","max-snippet":"max-snippet:-1","max-image-preview":"max-image-preview:large","max-video-preview":"max-video-preview:-1"},"og_locale":"pt_BR","og_type":"article","og_title":"Feriado no Carnaval 2023 - Blog Comercial JBC","og_description":"Nos dias 20 e 21 de fevereiro n\u00e3o haver\u00e1 atendimento devido ao feriado.","og_url":"https:\/\/pedidos.ohmina.com.br\/blog\/feriado-no-carnaval-2023\/","og_site_name":"Blog Comercial JBC","article_published_time":"2023-02-16T17:34:01+00:00","author":"Comercial JBC","twitter_card":"summary_large_image","twitter_misc":{"Escrito por":"Comercial JBC","Est. tempo de leitura":"1 minuto"},"schema":{"@context":"https:\/\/schema.org","@graph":[{"@type":"Article","@id":"https:\/\/pedidos.ohmina.com.br\/blog\/feriado-no-carnaval-2023\/#article","isPartOf":{"@id":"https:\/\/pedidos.ohmina.com.br\/blog\/feriado-no-carnaval-2023\/"},"author":{"name":"Comercial JBC","@id":"https:\/\/pedidos.ohmina.com.br\/blog\/#\/schema\/person\/277b1670520df5ac3e231e9b3b8d65ec"},"headline":"Feriado no Carnaval 2023","datePublished":"2023-02-16T17:34:01+00:00","mainEntityOfPage":{"@id":"https:\/\/pedidos.ohmina.com.br\/blog\/feriado-no-carnaval-2023\/"},"wordCount":49,"keywords":["feriado"],"articleSection":["Avisos"],"inLanguage":"pt-BR"},{"@type":"WebPage","@id":"https:\/\/pedidos.ohmina.com.br\/blog\/feriado-no-carnaval-2023\/","url":"https:\/\/pedidos.ohmina.com.br\/blog\/feriado-no-carnaval-2023\/","name":"Feriado no Carnaval 2023 - Blog Comercial JBC","isPartOf":{"@id":"https:\/\/pedidos.ohmina.com.br\/blog\/#website"},"datePublished":"2023-02-16T17:34:01+00:00","author":{"@id":"https:\/\/pedidos.ohmina.com.br\/blog\/#\/schema\/person\/277b1670520df5ac3e231e9b3b8d65ec"},"breadcrumb":{"@id":"https:\/\/pedidos.ohmina.com.br\/blog\/feriado-no-carnaval-2023\/#breadcrumb"},"inLanguage":"pt-BR","potentialAction":[{"@type":"ReadAction","target":["https:\/\/pedidos.ohmina.com.br\/blog\/feriado-no-carnaval-2023\/"]}]},{"@type":"BreadcrumbList","@id":"https:\/\/pedidos.ohmina.com.br\/blog\/feriado-no-carnaval-2023\/#breadcrumb","itemListElement":[{"@type":"ListItem","position":1,"name":"In\u00edcio","item":"https:\/\/pedidos.ohmina.com.br\/blog\/"},{"@type":"ListItem","position":2,"name":"Feriado no Carnaval 2023"}]},{"@type":"WebSite","@id":"https:\/\/pedidos.ohmina.com.br\/blog\/#website","url":"https:\/\/pedidos.ohmina.com.br\/blog\/","name":"Blog Comercial JBC","description":"Informa\u00e7\u00f5es e not\u00edcias da JBC para os lojistas","potentialAction":[{"@type":"SearchAction","target":{"@type":"EntryPoint","urlTemplate":"https:\/\/pedidos.ohmina.com.br\/blog\/?s={search_term_string}"},"query-input":{"@type":"PropertyValueSpecification","valueRequired":true,"valueName":"search_term_string"}}],"inLanguage":"pt-BR"},{"@type":"Person","@id":"https:\/\/pedidos.ohmina.com.br\/blog\/#\/schema\/person\/277b1670520df5ac3e231e9b3b8d65ec","name":"Comercial JBC","image":{"@type":"ImageObject","inLanguage":"pt-BR","@id":"https:\/\/secure.gravatar.com\/avatar\/7faae9ad74a62852b4d347ffdc9e02f69e32bcd9c77ea82d1c4a165aad947f13?s=96&d=mm&r=g","url":"https:\/\/secure.gravatar.com\/avatar\/7faae9ad74a62852b4d347ffdc9e02f69e32bcd9c77ea82d1c4a165aad947f13?s=96&d=mm&r=g","contentUrl":"https:\/\/secure.gravatar.com\/avatar\/7faae9ad74a62852b4d347ffdc9e02f69e32bcd9c77ea82d1c4a165aad947f13?s=96&d=mm&r=g","caption":"Comercial JBC"},"sameAs":["https:\/\/editorajbc.com.br"],"url":"https:\/\/pedidos.ohmina.com.br\/blog\/author\/comercial-jbc\/"}]}},"_links":{"self":[{"href":"https:\/\/pedidos.ohmina.com.br\/blog\/wp-json\/wp\/v2\/posts\/1614","targetHints":{"allow":["GET"]}}],"collection":[{"href":"https:\/\/pedidos.ohmina.com.br\/blog\/wp-json\/wp\/v2\/posts"}],"about":[{"href":"https:\/\/pedidos.ohmina.com.br\/blog\/wp-json\/wp\/v2\/types\/post"}],"author":[{"embeddable":true,"href":"https:\/\/pedidos.ohmina.com.br\/blog\/wp-json\/wp\/v2\/users\/2"}],"replies":[{"embeddable":true,"href":"https:\/\/pedidos.ohmina.com.br\/blog\/wp-json\/wp\/v2\/comments?post=1614"}],"version-history":[{"count":3,"href":"https:\/\/pedidos.ohmina.com.br\/blog\/wp-json\/wp\/v2\/posts\/1614\/revisions"}],"predecessor-version":[{"id":1616,"href":"https:\/\/pedidos.ohmina.com.br\/blog\/wp-json\/wp\/v2\/posts\/1614\/revisions\/1616"}],"wp:attachment":[{"href":"https:\/\/pedidos.ohmina.com.br\/blog\/wp-json\/wp\/v2\/media?parent=1614"}],"wp:term":[{"taxonomy":"category","embeddable":true,"href":"https:\/\/pedidos.ohmina.com.br\/blog\/wp-json\/wp\/v2\/categories?post=1614"},{"taxonomy":"post_tag","embeddable":true,"href":"https:\/\/pedidos.ohmina.com.br\/blog\/wp-json\/wp\/v2\/tags?post=1614"}],"curies":[{"name":"wp","href":"https:\/\/api.w.org\/{rel}","templated":true}]}}