{"id":1211,"date":"2022-08-15T10:29:19","date_gmt":"2022-08-15T13:29:19","guid":{"rendered":"https:\/\/pedidos.ohmina.com.br\/blog\/?p=1211"},"modified":"2022-08-23T01:31:55","modified_gmt":"2022-08-23T04:31:55","slug":"lancamento-a-princesa-e-o-cavaleiro-a-noite-da-princesa","status":"publish","type":"post","link":"https:\/\/pedidos.ohmina.com.br\/blog\/lancamento-a-princesa-e-o-cavaleiro-a-noite-da-princesa\/","title":{"rendered":"Lan\u00e7amento &#8211; A Princesa e o Cavaleiro &#8211; A Noite da Princesa"},"content":{"rendered":"<p><img loading=\"lazy\" decoding=\"async\" src=\"https:\/\/pedidos.ohmina.com.br\/blog\/wp-content\/uploads\/2022\/08\/PC_3_HEADER.png\" alt=\"\" width=\"720\" height=\"260\" class=\"aligncenter size-full wp-image-1212\" srcset=\"https:\/\/pedidos.ohmina.com.br\/blog\/wp-content\/uploads\/2022\/08\/PC_3_HEADER.png 720w, https:\/\/pedidos.ohmina.com.br\/blog\/wp-content\/uploads\/2022\/08\/PC_3_HEADER-300x108.png 300w\" sizes=\"auto, (max-width: 720px) 100vw, 720px\" \/>A Editora JBC traz ao Brasil uma edi\u00e7\u00e3o especial da hist\u00f3ria A Princesa e o Cavaleiro &#8211; A Noite da Princesa, um quadrinho desenvolvido a partir de uma parceria entre a Tezuka Productions e MSP, em homenagem aos 90 anos desde o nascimento de Osamu Tezuka (1928-1989). <\/p>\n<p>Esse projeto \u00e9 parte integrante de uma s\u00e9rie de tributos que foram publicados no Jap\u00e3o na revista TezuComi em 2018, com a participa\u00e7\u00e3o de diversos artistas convidados do mundo todo, entre eles o brasileiro Mauricio de Sousa, com quem Tezuka tinha la\u00e7os de amizade em vida.<\/p>\n<p>Para a edi\u00e7\u00e3o brasileira de \u201cA Noite da Princesa\u201d, a Editora JBC desenvolveu um projeto in\u00e9dito em volume \u00fanico, reunindo os seis cap\u00edtulos da hist\u00f3ria inspirada no mang\u00e1 A Princesa e o Cavaleiro (Ribon no Kishi), obra de Osamu Tezuka, mesclada com a hist\u00f3ria do filme \u201cA Princesa e o Plebeu\u201d, ambos lan\u00e7ados em 1953. Al\u00e9m da protagonista Safiri e de personagens ic\u00f4nicos do mang\u00e1 como o anjo Tink e a diab\u00f3lica Heckett, A Noite da Princesa conta com a participa\u00e7\u00e3o especial de personagens da Turma da M\u00f4nica.<\/p>\n<p>O quadrinho in\u00e9dito tem formato 15,0 x 21,0, o mesmo dos mang\u00e1s A Princesa e o Cavaleiro e Buda, com sobrecapa e detalhes com hot stamping dourado para compor a cole\u00e7\u00e3o de Osamu Tezuka na Editora JBC.<\/p>\n<h2>A Princesa e o Cavaleiro &#8211; A Noite da Princesa<\/h2>\n<h3>A hist\u00f3ria<\/h3>\n<p>As hist\u00f3rias foram publicadas na revista TezuComi e um dos convidados foi o criador da Turma da M\u00f4nica, que acabou publicando uma hist\u00f3ria em 6 cap\u00edtulos, que ser\u00e3o inclu\u00eddos aqui no Brasil em volume \u00fanico. Apesar da hist\u00f3ria se focar em Safiri, alguns jovens do Bairro do Limoeiro fazem pontas nesse incr\u00edvel mang\u00e1.<\/p>\n<h3>Autoria<\/h3>\n<p><strong>Mauricio de Sousa<\/strong> \u00e9 desenhista, empres\u00e1rio, o mais premiado autor brasileiro de quadrinhos e membro da Academia Paulista de Letras. Nasceu em 27 de outubro de 1935, numa fam\u00edlia de poetas e contadores de hist\u00f3rias em Santa Isabel, no interior de S\u00e3o Paulo. Ainda crian\u00e7a, mudou-se para Mogi das Cruzes, onde descobriu sua paix\u00e3o pelo desenho e come\u00e7ou a criar os primeiros personagens. Com 19 anos, foi para S\u00e3o Paulo tentar trabalhar como ilustrador na Folha da Manh\u00e3 (hoje Folha de S.Paulo). No entanto, conseguiu apenas uma vaga de rep\u00f3rter policial. Em 1959, publicou sua primeira tira di\u00e1ria, com as aventuras do garoto Franjinha e do seu c\u00e3ozinho Bidu. As tiras de Mauricio de Sousa espalharam-se pelos jornais de todo o pa\u00eds, levando-o a montar um est\u00fadio que hoje d\u00e1 vida a mais de 400 personagens. Em 1970, lan\u00e7ou a revista M\u00f4nica e, em 1971, recebeu o mais importante pr\u00eamio do mundo dos quadrinhos, o trof\u00e9u Yellow Kid, em Lucca, na It\u00e1lia. Seguindo o sucesso de M\u00f4nica, outros personagens tamb\u00e9m ganharam suas pr\u00f3prias revistas, que j\u00e1 passaram pelas editoras Abril e Globo e atualmente est\u00e3o na Panini. Dos quadrinhos, eles foram para o teatro, o cinema, a televis\u00e3o, a internet, parques tem\u00e1ticos e at\u00e9 para exposi\u00e7\u00f5es de arte.<\/p>\n<p><strong>Osamu Tezuka <\/strong>\u00e9 considerado o mestre dos quadrinhos japoneses. Formou-se em medicina, mas, desde jovem, dedicou-se aos quadrinhos. Entrou para a hist\u00f3ria ao delinear as caracter\u00edsticas b\u00e1sicas dos mang\u00e1s \u2013 as mesmas que s\u00e3o usadas at\u00e9 hoje e que tornaram as HQs nip\u00f4nicas mundialmente famosas. Considerado o Walt Disney japon\u00eas, foi ele quem consagrou a f\u00f3rmula do mang\u00e1 moderno, tanto no tra\u00e7o como no ritmo da narrativa. A Princesa e o Cavaleiro, sua obra m\u00e1xima, \u00e9 um cl\u00e1ssico absoluto. Seu valor e sua import\u00e2ncia s\u00e3o ainda mais contundentes se atentarmos \u00e0 tem\u00e1tica extremamente contempor\u00e2nea. Vale ressaltar a beleza do tra\u00e7o e a poesia da hist\u00f3ria. Al\u00e9m de A Princesa e o Cavaleiro, foi autor de outros t\u00edtulos consagrados, como Kimba \u2013 O Le\u00e3o Branco, Astro Boy e Don Dr\u00e1cula. Tezuka faleceu em 9 de fevereiro de 1989, v\u00edtima de c\u00e2ncer. Deixou um riqu\u00edssimo legado, recheado de magia, fantasia e aventura.<\/p>\n<div class=\"destaque\">\n<h3>A Princesa e o Cavaleiro &#8211; A Noite da Princesa<\/h3>\n<p><strong>Autoria:<\/strong> Mauricio de Sousa e Osamu Tezuka<br \/>\n<strong>G\u00eanero:<\/strong> romance, fantasia<br \/>\nVolume \u00fanico<br \/>\nSobrecapa com hot stamping<br \/>\n<strong>P\u00e1ginas:<\/strong> 192 p\u00e1ginas<\/p>\n<h4>Impresso<\/h4>\n<p><strong>Formato:<\/strong> 15,0 x 21,0 cm<br \/>\n<strong>Pre\u00e7o de capa: <\/strong>R$ 59,90<br \/>\n<strong>ISBN: <\/strong>978-65-5594-296-5\n<\/div>\n","protected":false},"excerpt":{"rendered":"<p>Mauricio de Sousa \u00e9 o autor convidado nesta hist\u00f3ria em homenagem a Osamu Tezuka<\/p>\n","protected":false},"author":2,"featured_media":1212,"comment_status":"closed","ping_status":"closed","sticky":false,"template":"","format":"standard","meta":{"footnotes":""},"categories":[1],"tags":[123,124,102],"class_list":["post-1211","post","type-post","status-publish","format-standard","has-post-thumbnail","hentry","category-noticias","tag-a-princesa-e-o-cavaleiro","tag-mauricio-de-sousa","tag-osamu-tezuka","colecao-a-princesa-e-o-cavaleiro-a-noite-da-princesa"],"yoast_head":"<!-- This site is optimized with the Yoast SEO plugin v27.4 - https:\/\/yoast.com\/product\/yoast-seo-wordpress\/ -->\n<title>Lan\u00e7amento - A Princesa e o Cavaleiro - A Noite da Princesa - Blog Comercial JBC<\/title>\n<meta name=\"robots\" content=\"noindex, follow, max-snippet:-1, max-image-preview:large, max-video-preview:-1\" \/>\n<meta property=\"og:locale\" content=\"pt_BR\" \/>\n<meta property=\"og:type\" content=\"article\" \/>\n<meta property=\"og:title\" content=\"Lan\u00e7amento - A Princesa e o Cavaleiro - A Noite da Princesa - Blog Comercial JBC\" \/>\n<meta property=\"og:description\" content=\"Mauricio de Sousa \u00e9 o autor convidado nesta hist\u00f3ria em homenagem a Osamu Tezuka\" \/>\n<meta property=\"og:url\" content=\"https:\/\/pedidos.ohmina.com.br\/blog\/lancamento-a-princesa-e-o-cavaleiro-a-noite-da-princesa\/\" \/>\n<meta property=\"og:site_name\" content=\"Blog Comercial JBC\" \/>\n<meta property=\"article:published_time\" content=\"2022-08-15T13:29:19+00:00\" \/>\n<meta property=\"article:modified_time\" content=\"2022-08-23T04:31:55+00:00\" \/>\n<meta property=\"og:image\" content=\"https:\/\/pedidos.ohmina.com.br\/blog\/wp-content\/uploads\/2022\/08\/PC_3_HEADER.png\" \/>\n\t<meta property=\"og:image:width\" content=\"720\" \/>\n\t<meta property=\"og:image:height\" content=\"260\" \/>\n\t<meta property=\"og:image:type\" content=\"image\/png\" \/>\n<meta name=\"author\" content=\"Comercial JBC\" \/>\n<meta name=\"twitter:card\" content=\"summary_large_image\" \/>\n<meta name=\"twitter:label1\" content=\"Escrito por\" \/>\n\t<meta name=\"twitter:data1\" content=\"Comercial JBC\" \/>\n<script type=\"application\/ld+json\" class=\"yoast-schema-graph\">{\"@context\":\"https:\\\/\\\/schema.org\",\"@graph\":[{\"@type\":\"Article\",\"@id\":\"https:\\\/\\\/pedidos.ohmina.com.br\\\/blog\\\/lancamento-a-princesa-e-o-cavaleiro-a-noite-da-princesa\\\/#article\",\"isPartOf\":{\"@id\":\"https:\\\/\\\/pedidos.ohmina.com.br\\\/blog\\\/lancamento-a-princesa-e-o-cavaleiro-a-noite-da-princesa\\\/\"},\"author\":{\"name\":\"Comercial JBC\",\"@id\":\"https:\\\/\\\/pedidos.ohmina.com.br\\\/blog\\\/#\\\/schema\\\/person\\\/277b1670520df5ac3e231e9b3b8d65ec\"},\"headline\":\"Lan\u00e7amento &#8211; A Princesa e o Cavaleiro &#8211; A Noite da Princesa\",\"datePublished\":\"2022-08-15T13:29:19+00:00\",\"dateModified\":\"2022-08-23T04:31:55+00:00\",\"mainEntityOfPage\":{\"@id\":\"https:\\\/\\\/pedidos.ohmina.com.br\\\/blog\\\/lancamento-a-princesa-e-o-cavaleiro-a-noite-da-princesa\\\/\"},\"wordCount\":757,\"image\":{\"@id\":\"https:\\\/\\\/pedidos.ohmina.com.br\\\/blog\\\/lancamento-a-princesa-e-o-cavaleiro-a-noite-da-princesa\\\/#primaryimage\"},\"thumbnailUrl\":\"https:\\\/\\\/pedidos.ohmina.com.br\\\/blog\\\/wp-content\\\/uploads\\\/2022\\\/08\\\/PC_3_HEADER.png\",\"keywords\":[\"A Princesa e o Cavaleiro\",\"mauricio de sousa\",\"osamu tezuka\"],\"articleSection\":[\"Not\u00edcias\"],\"inLanguage\":\"pt-BR\"},{\"@type\":\"WebPage\",\"@id\":\"https:\\\/\\\/pedidos.ohmina.com.br\\\/blog\\\/lancamento-a-princesa-e-o-cavaleiro-a-noite-da-princesa\\\/\",\"url\":\"https:\\\/\\\/pedidos.ohmina.com.br\\\/blog\\\/lancamento-a-princesa-e-o-cavaleiro-a-noite-da-princesa\\\/\",\"name\":\"Lan\u00e7amento - A Princesa e o Cavaleiro - A Noite da Princesa - Blog Comercial JBC\",\"isPartOf\":{\"@id\":\"https:\\\/\\\/pedidos.ohmina.com.br\\\/blog\\\/#website\"},\"primaryImageOfPage\":{\"@id\":\"https:\\\/\\\/pedidos.ohmina.com.br\\\/blog\\\/lancamento-a-princesa-e-o-cavaleiro-a-noite-da-princesa\\\/#primaryimage\"},\"image\":{\"@id\":\"https:\\\/\\\/pedidos.ohmina.com.br\\\/blog\\\/lancamento-a-princesa-e-o-cavaleiro-a-noite-da-princesa\\\/#primaryimage\"},\"thumbnailUrl\":\"https:\\\/\\\/pedidos.ohmina.com.br\\\/blog\\\/wp-content\\\/uploads\\\/2022\\\/08\\\/PC_3_HEADER.png\",\"datePublished\":\"2022-08-15T13:29:19+00:00\",\"dateModified\":\"2022-08-23T04:31:55+00:00\",\"author\":{\"@id\":\"https:\\\/\\\/pedidos.ohmina.com.br\\\/blog\\\/#\\\/schema\\\/person\\\/277b1670520df5ac3e231e9b3b8d65ec\"},\"breadcrumb\":{\"@id\":\"https:\\\/\\\/pedidos.ohmina.com.br\\\/blog\\\/lancamento-a-princesa-e-o-cavaleiro-a-noite-da-princesa\\\/#breadcrumb\"},\"inLanguage\":\"pt-BR\",\"potentialAction\":[{\"@type\":\"ReadAction\",\"target\":[\"https:\\\/\\\/pedidos.ohmina.com.br\\\/blog\\\/lancamento-a-princesa-e-o-cavaleiro-a-noite-da-princesa\\\/\"]}]},{\"@type\":\"ImageObject\",\"inLanguage\":\"pt-BR\",\"@id\":\"https:\\\/\\\/pedidos.ohmina.com.br\\\/blog\\\/lancamento-a-princesa-e-o-cavaleiro-a-noite-da-princesa\\\/#primaryimage\",\"url\":\"https:\\\/\\\/pedidos.ohmina.com.br\\\/blog\\\/wp-content\\\/uploads\\\/2022\\\/08\\\/PC_3_HEADER.png\",\"contentUrl\":\"https:\\\/\\\/pedidos.ohmina.com.br\\\/blog\\\/wp-content\\\/uploads\\\/2022\\\/08\\\/PC_3_HEADER.png\",\"width\":720,\"height\":260},{\"@type\":\"BreadcrumbList\",\"@id\":\"https:\\\/\\\/pedidos.ohmina.com.br\\\/blog\\\/lancamento-a-princesa-e-o-cavaleiro-a-noite-da-princesa\\\/#breadcrumb\",\"itemListElement\":[{\"@type\":\"ListItem\",\"position\":1,\"name\":\"In\u00edcio\",\"item\":\"https:\\\/\\\/pedidos.ohmina.com.br\\\/blog\\\/\"},{\"@type\":\"ListItem\",\"position\":2,\"name\":\"Lan\u00e7amento &#8211; A Princesa e o Cavaleiro &#8211; A Noite da Princesa\"}]},{\"@type\":\"WebSite\",\"@id\":\"https:\\\/\\\/pedidos.ohmina.com.br\\\/blog\\\/#website\",\"url\":\"https:\\\/\\\/pedidos.ohmina.com.br\\\/blog\\\/\",\"name\":\"Blog Comercial JBC\",\"description\":\"Informa\u00e7\u00f5es e not\u00edcias da JBC para os lojistas\",\"potentialAction\":[{\"@type\":\"SearchAction\",\"target\":{\"@type\":\"EntryPoint\",\"urlTemplate\":\"https:\\\/\\\/pedidos.ohmina.com.br\\\/blog\\\/?s={search_term_string}\"},\"query-input\":{\"@type\":\"PropertyValueSpecification\",\"valueRequired\":true,\"valueName\":\"search_term_string\"}}],\"inLanguage\":\"pt-BR\"},{\"@type\":\"Person\",\"@id\":\"https:\\\/\\\/pedidos.ohmina.com.br\\\/blog\\\/#\\\/schema\\\/person\\\/277b1670520df5ac3e231e9b3b8d65ec\",\"name\":\"Comercial JBC\",\"image\":{\"@type\":\"ImageObject\",\"inLanguage\":\"pt-BR\",\"@id\":\"https:\\\/\\\/secure.gravatar.com\\\/avatar\\\/7faae9ad74a62852b4d347ffdc9e02f69e32bcd9c77ea82d1c4a165aad947f13?s=96&d=mm&r=g\",\"url\":\"https:\\\/\\\/secure.gravatar.com\\\/avatar\\\/7faae9ad74a62852b4d347ffdc9e02f69e32bcd9c77ea82d1c4a165aad947f13?s=96&d=mm&r=g\",\"contentUrl\":\"https:\\\/\\\/secure.gravatar.com\\\/avatar\\\/7faae9ad74a62852b4d347ffdc9e02f69e32bcd9c77ea82d1c4a165aad947f13?s=96&d=mm&r=g\",\"caption\":\"Comercial JBC\"},\"sameAs\":[\"https:\\\/\\\/editorajbc.com.br\"],\"url\":\"https:\\\/\\\/pedidos.ohmina.com.br\\\/blog\\\/author\\\/comercial-jbc\\\/\"}]}<\/script>\n<!-- \/ Yoast SEO plugin. -->","yoast_head_json":{"title":"Lan\u00e7amento - A Princesa e o Cavaleiro - A Noite da Princesa - Blog Comercial JBC","robots":{"index":"noindex","follow":"follow","max-snippet":"max-snippet:-1","max-image-preview":"max-image-preview:large","max-video-preview":"max-video-preview:-1"},"og_locale":"pt_BR","og_type":"article","og_title":"Lan\u00e7amento - A Princesa e o Cavaleiro - A Noite da Princesa - Blog Comercial JBC","og_description":"Mauricio de Sousa \u00e9 o autor convidado nesta hist\u00f3ria em homenagem a Osamu Tezuka","og_url":"https:\/\/pedidos.ohmina.com.br\/blog\/lancamento-a-princesa-e-o-cavaleiro-a-noite-da-princesa\/","og_site_name":"Blog Comercial JBC","article_published_time":"2022-08-15T13:29:19+00:00","article_modified_time":"2022-08-23T04:31:55+00:00","og_image":[{"width":720,"height":260,"url":"https:\/\/pedidos.ohmina.com.br\/blog\/wp-content\/uploads\/2022\/08\/PC_3_HEADER.png","type":"image\/png"}],"author":"Comercial JBC","twitter_card":"summary_large_image","twitter_misc":{"Escrito por":"Comercial JBC"},"schema":{"@context":"https:\/\/schema.org","@graph":[{"@type":"Article","@id":"https:\/\/pedidos.ohmina.com.br\/blog\/lancamento-a-princesa-e-o-cavaleiro-a-noite-da-princesa\/#article","isPartOf":{"@id":"https:\/\/pedidos.ohmina.com.br\/blog\/lancamento-a-princesa-e-o-cavaleiro-a-noite-da-princesa\/"},"author":{"name":"Comercial JBC","@id":"https:\/\/pedidos.ohmina.com.br\/blog\/#\/schema\/person\/277b1670520df5ac3e231e9b3b8d65ec"},"headline":"Lan\u00e7amento &#8211; A Princesa e o Cavaleiro &#8211; A Noite da Princesa","datePublished":"2022-08-15T13:29:19+00:00","dateModified":"2022-08-23T04:31:55+00:00","mainEntityOfPage":{"@id":"https:\/\/pedidos.ohmina.com.br\/blog\/lancamento-a-princesa-e-o-cavaleiro-a-noite-da-princesa\/"},"wordCount":757,"image":{"@id":"https:\/\/pedidos.ohmina.com.br\/blog\/lancamento-a-princesa-e-o-cavaleiro-a-noite-da-princesa\/#primaryimage"},"thumbnailUrl":"https:\/\/pedidos.ohmina.com.br\/blog\/wp-content\/uploads\/2022\/08\/PC_3_HEADER.png","keywords":["A Princesa e o Cavaleiro","mauricio de sousa","osamu tezuka"],"articleSection":["Not\u00edcias"],"inLanguage":"pt-BR"},{"@type":"WebPage","@id":"https:\/\/pedidos.ohmina.com.br\/blog\/lancamento-a-princesa-e-o-cavaleiro-a-noite-da-princesa\/","url":"https:\/\/pedidos.ohmina.com.br\/blog\/lancamento-a-princesa-e-o-cavaleiro-a-noite-da-princesa\/","name":"Lan\u00e7amento - A Princesa e o Cavaleiro - A Noite da Princesa - Blog Comercial JBC","isPartOf":{"@id":"https:\/\/pedidos.ohmina.com.br\/blog\/#website"},"primaryImageOfPage":{"@id":"https:\/\/pedidos.ohmina.com.br\/blog\/lancamento-a-princesa-e-o-cavaleiro-a-noite-da-princesa\/#primaryimage"},"image":{"@id":"https:\/\/pedidos.ohmina.com.br\/blog\/lancamento-a-princesa-e-o-cavaleiro-a-noite-da-princesa\/#primaryimage"},"thumbnailUrl":"https:\/\/pedidos.ohmina.com.br\/blog\/wp-content\/uploads\/2022\/08\/PC_3_HEADER.png","datePublished":"2022-08-15T13:29:19+00:00","dateModified":"2022-08-23T04:31:55+00:00","author":{"@id":"https:\/\/pedidos.ohmina.com.br\/blog\/#\/schema\/person\/277b1670520df5ac3e231e9b3b8d65ec"},"breadcrumb":{"@id":"https:\/\/pedidos.ohmina.com.br\/blog\/lancamento-a-princesa-e-o-cavaleiro-a-noite-da-princesa\/#breadcrumb"},"inLanguage":"pt-BR","potentialAction":[{"@type":"ReadAction","target":["https:\/\/pedidos.ohmina.com.br\/blog\/lancamento-a-princesa-e-o-cavaleiro-a-noite-da-princesa\/"]}]},{"@type":"ImageObject","inLanguage":"pt-BR","@id":"https:\/\/pedidos.ohmina.com.br\/blog\/lancamento-a-princesa-e-o-cavaleiro-a-noite-da-princesa\/#primaryimage","url":"https:\/\/pedidos.ohmina.com.br\/blog\/wp-content\/uploads\/2022\/08\/PC_3_HEADER.png","contentUrl":"https:\/\/pedidos.ohmina.com.br\/blog\/wp-content\/uploads\/2022\/08\/PC_3_HEADER.png","width":720,"height":260},{"@type":"BreadcrumbList","@id":"https:\/\/pedidos.ohmina.com.br\/blog\/lancamento-a-princesa-e-o-cavaleiro-a-noite-da-princesa\/#breadcrumb","itemListElement":[{"@type":"ListItem","position":1,"name":"In\u00edcio","item":"https:\/\/pedidos.ohmina.com.br\/blog\/"},{"@type":"ListItem","position":2,"name":"Lan\u00e7amento &#8211; A Princesa e o Cavaleiro &#8211; A Noite da Princesa"}]},{"@type":"WebSite","@id":"https:\/\/pedidos.ohmina.com.br\/blog\/#website","url":"https:\/\/pedidos.ohmina.com.br\/blog\/","name":"Blog Comercial JBC","description":"Informa\u00e7\u00f5es e not\u00edcias da JBC para os lojistas","potentialAction":[{"@type":"SearchAction","target":{"@type":"EntryPoint","urlTemplate":"https:\/\/pedidos.ohmina.com.br\/blog\/?s={search_term_string}"},"query-input":{"@type":"PropertyValueSpecification","valueRequired":true,"valueName":"search_term_string"}}],"inLanguage":"pt-BR"},{"@type":"Person","@id":"https:\/\/pedidos.ohmina.com.br\/blog\/#\/schema\/person\/277b1670520df5ac3e231e9b3b8d65ec","name":"Comercial JBC","image":{"@type":"ImageObject","inLanguage":"pt-BR","@id":"https:\/\/secure.gravatar.com\/avatar\/7faae9ad74a62852b4d347ffdc9e02f69e32bcd9c77ea82d1c4a165aad947f13?s=96&d=mm&r=g","url":"https:\/\/secure.gravatar.com\/avatar\/7faae9ad74a62852b4d347ffdc9e02f69e32bcd9c77ea82d1c4a165aad947f13?s=96&d=mm&r=g","contentUrl":"https:\/\/secure.gravatar.com\/avatar\/7faae9ad74a62852b4d347ffdc9e02f69e32bcd9c77ea82d1c4a165aad947f13?s=96&d=mm&r=g","caption":"Comercial JBC"},"sameAs":["https:\/\/editorajbc.com.br"],"url":"https:\/\/pedidos.ohmina.com.br\/blog\/author\/comercial-jbc\/"}]}},"_links":{"self":[{"href":"https:\/\/pedidos.ohmina.com.br\/blog\/wp-json\/wp\/v2\/posts\/1211","targetHints":{"allow":["GET"]}}],"collection":[{"href":"https:\/\/pedidos.ohmina.com.br\/blog\/wp-json\/wp\/v2\/posts"}],"about":[{"href":"https:\/\/pedidos.ohmina.com.br\/blog\/wp-json\/wp\/v2\/types\/post"}],"author":[{"embeddable":true,"href":"https:\/\/pedidos.ohmina.com.br\/blog\/wp-json\/wp\/v2\/users\/2"}],"replies":[{"embeddable":true,"href":"https:\/\/pedidos.ohmina.com.br\/blog\/wp-json\/wp\/v2\/comments?post=1211"}],"version-history":[{"count":1,"href":"https:\/\/pedidos.ohmina.com.br\/blog\/wp-json\/wp\/v2\/posts\/1211\/revisions"}],"predecessor-version":[{"id":1213,"href":"https:\/\/pedidos.ohmina.com.br\/blog\/wp-json\/wp\/v2\/posts\/1211\/revisions\/1213"}],"wp:featuredmedia":[{"embeddable":true,"href":"https:\/\/pedidos.ohmina.com.br\/blog\/wp-json\/wp\/v2\/media\/1212"}],"wp:attachment":[{"href":"https:\/\/pedidos.ohmina.com.br\/blog\/wp-json\/wp\/v2\/media?parent=1211"}],"wp:term":[{"taxonomy":"category","embeddable":true,"href":"https:\/\/pedidos.ohmina.com.br\/blog\/wp-json\/wp\/v2\/categories?post=1211"},{"taxonomy":"post_tag","embeddable":true,"href":"https:\/\/pedidos.ohmina.com.br\/blog\/wp-json\/wp\/v2\/tags?post=1211"}],"curies":[{"name":"wp","href":"https:\/\/api.w.org\/{rel}","templated":true}]}}