{"id":1106,"date":"2022-06-23T17:21:26","date_gmt":"2022-06-23T20:21:26","guid":{"rendered":"https:\/\/pedidos.ohmina.com.br\/blog\/?p=1106"},"modified":"2022-06-23T17:21:26","modified_gmt":"2022-06-23T20:21:26","slug":"sugestoes-de-pre-vendas","status":"publish","type":"post","link":"https:\/\/pedidos.ohmina.com.br\/blog\/sugestoes-de-pre-vendas\/","title":{"rendered":"Sugest\u00f5es de pr\u00e9-vendas"},"content":{"rendered":"<p>Tem lan\u00e7amentos de mang\u00e1s da Editora JBC chegando! Eles ainda est\u00e3o na gr\u00e1fica, mas voc\u00ea pode deixar a pr\u00e9-venda (ou reserva) dispon\u00edvel para os seus clientes. <\/p>\n<h2>Liberados para pr\u00e9-vendas<\/h2>\n<p>Confira as sugest\u00f5es de mang\u00e1s que podem entrar em pr\u00e9-venda com previs\u00e3o de lan\u00e7amento para julho e agosto.<\/p>\n<h3>Tokyo Revengers (pr\u00e9-venda)<\/h3>\n<p>\n\t\t<style type=\"text\/css\">\n\t\t\t#gallery-1 {\n\t\t\t\tmargin: auto;\n\t\t\t}\n\t\t\t#gallery-1 .gallery-item {\n\t\t\t\tfloat: left;\n\t\t\t\tmargin-top: 10px;\n\t\t\t\ttext-align: center;\n\t\t\t\twidth: 50%;\n\t\t\t}\n\t\t\t#gallery-1 img {\n\t\t\t\tborder: 2px solid #cfcfcf;\n\t\t\t}\n\t\t\t#gallery-1 .gallery-caption {\n\t\t\t\tmargin-left: 0;\n\t\t\t}\n\t\t\t\/* see gallery_shortcode() in wp-includes\/media.php *\/\n\t\t<\/style>\n\t\t<div id='gallery-1' class='gallery galleryid-1106 gallery-columns-2 gallery-size-medium'><dl class='gallery-item'>\n\t\t\t<dt class='gallery-icon portrait'>\n\t\t\t\t<a href='https:\/\/pedidos.ohmina.com.br\/blog\/wp-content\/uploads\/2022\/06\/Tokyo-Revengers-01-Capa.jpg'><img loading=\"lazy\" decoding=\"async\" width=\"198\" height=\"300\" src=\"https:\/\/pedidos.ohmina.com.br\/blog\/wp-content\/uploads\/2022\/06\/Tokyo-Revengers-01-Capa-198x300.jpg\" class=\"attachment-medium size-medium\" alt=\"\" aria-describedby=\"gallery-1-1099\" srcset=\"https:\/\/pedidos.ohmina.com.br\/blog\/wp-content\/uploads\/2022\/06\/Tokyo-Revengers-01-Capa-198x300.jpg 198w, https:\/\/pedidos.ohmina.com.br\/blog\/wp-content\/uploads\/2022\/06\/Tokyo-Revengers-01-Capa-676x1024.jpg 676w, https:\/\/pedidos.ohmina.com.br\/blog\/wp-content\/uploads\/2022\/06\/Tokyo-Revengers-01-Capa-768x1164.jpg 768w, https:\/\/pedidos.ohmina.com.br\/blog\/wp-content\/uploads\/2022\/06\/Tokyo-Revengers-01-Capa.jpg 990w\" sizes=\"auto, (max-width: 198px) 100vw, 198px\" \/><\/a>\n\t\t\t<\/dt>\n\t\t\t\t<dd class='wp-caption-text gallery-caption' id='gallery-1-1099'>\n\t\t\t\tTokyo Revengers &#8211; Volume 1\n\t\t\t\t<\/dd><\/dl><dl class='gallery-item'>\n\t\t\t<dt class='gallery-icon portrait'>\n\t\t\t\t<a href='https:\/\/pedidos.ohmina.com.br\/blog\/wp-content\/uploads\/2022\/06\/Tokyo-Revengers-02-Capa_p.jpg'><img loading=\"lazy\" decoding=\"async\" width=\"198\" height=\"300\" src=\"https:\/\/pedidos.ohmina.com.br\/blog\/wp-content\/uploads\/2022\/06\/Tokyo-Revengers-02-Capa_p-198x300.jpg\" class=\"attachment-medium size-medium\" alt=\"\" aria-describedby=\"gallery-1-1098\" srcset=\"https:\/\/pedidos.ohmina.com.br\/blog\/wp-content\/uploads\/2022\/06\/Tokyo-Revengers-02-Capa_p-198x300.jpg 198w, https:\/\/pedidos.ohmina.com.br\/blog\/wp-content\/uploads\/2022\/06\/Tokyo-Revengers-02-Capa_p.jpg 495w\" sizes=\"auto, (max-width: 198px) 100vw, 198px\" \/><\/a>\n\t\t\t<\/dt>\n\t\t\t\t<dd class='wp-caption-text gallery-caption' id='gallery-1-1098'>\n\t\t\t\tTokyo Revengers &#8211; Volume 2\n\t\t\t\t<\/dd><\/dl><br style=\"clear: both\" \/>\n\t\t<\/div>\n<br \/>\nVoc\u00ea j\u00e1 pode abrir a pr\u00e9-venda de Tokyo Revengers (volumes 1 e 2) na sua loja! Os dois volumes j\u00e1 est\u00e3o em produ\u00e7\u00e3o e devem ser liberados no nosso sistema a partir de julho de 2022.<\/p>\n<p>Para saber mais sobre a obra, n\u00e3o deixe de conferir painel com o convidado Renan, do canal Reino dos Mang\u00e1s num bate-papo tem\u00e1tico com Jonatas Carmona, da equipe de reda\u00e7\u00e3o da JBC, para apresentar mais detalhes da hist\u00f3ria do mang\u00e1 de Ken Wakui que \u00e9 sucesso no mundo todo. (<a href=\"https:\/\/youtu.be\/xUPagmCQvpk\" rel=\"noopener\" target=\"_blank\">Painel do JBC Festa: dia 1<\/a>)<\/p>\n<p><strong>Sinopse<\/strong><br \/>\nTokyo Revengers gira em torno de Takemichi Hanagaki, um jovem de 26 anos mal sucedido na vida, profissionalmente e em rela\u00e7\u00f5es amorosas. Vive com problemas financeiros e ainda descobre que sua ex-namorada foi assassinada por uma gangue de T\u00f3quio. A not\u00edcia mexe bastante com Takemichi e, ao entrar numa esta\u00e7\u00e3o de metr\u00f4, ele \u00e9 empurrado nos trilhos e quando estava prestes a ser atropelado algo surpreendente acontece: Takemichi viaja 12 anos no passado, para sua \u00e9poca de escola. \u00c9 a chance dele consertar o passado para mudar o futuro!<\/p>\n<div class=\"destaque\">\n<strong>Autoria:<\/strong> Ken Wakui<br \/>\n<strong>Classifica\u00e7\u00e3o et\u00e1ria:<\/strong> 16 anos<br \/>\n<strong>Formato: <\/strong>13,2 x 20,0 cm<br \/>\n<strong>Pre\u00e7o:<\/strong> R$ 33,90<\/p>\n<ul>\n<p><strong>Volume 1<\/strong><br \/>\n<strong>N\u00famero de p\u00e1ginas:<\/strong> 192<br \/>\n<strong>ISBN:<\/strong> 978-65-5594-330-6<\/p>\n<p><strong>Volume 2<\/strong><br \/>\n<strong>N\u00famero de p\u00e1ginas:<\/strong> 202<br \/>\n<strong>ISBN:<\/strong> 978-65-5594-331-3\n<\/ul>\n<p>&nbsp;<br \/>\n<a class=\"btn btn-primary\" href=\"https:\/\/pedidos.ohmina.com.br\/blog\/downloads\/?c=109\">Baixe as sinopses e capas de Tokyo Revengers aqui<\/a><\/p>\n<p>&nbsp;\n<\/p><\/div>\n<h3>Akira (pr\u00e9-venda)<\/h3>\n<p><img loading=\"lazy\" decoding=\"async\" src=\"https:\/\/pedidos.ohmina.com.br\/blog\/wp-content\/uploads\/2019\/09\/AKIRA-01-Sobrecapa-209x300.jpg\" alt=\"\" width=\"209\" height=\"300\" class=\"aligncenter size-medium wp-image-239\" srcset=\"https:\/\/pedidos.ohmina.com.br\/blog\/wp-content\/uploads\/2019\/09\/AKIRA-01-Sobrecapa-209x300.jpg 209w, https:\/\/pedidos.ohmina.com.br\/blog\/wp-content\/uploads\/2019\/09\/AKIRA-01-Sobrecapa-768x1105.jpg 768w, https:\/\/pedidos.ohmina.com.br\/blog\/wp-content\/uploads\/2019\/09\/AKIRA-01-Sobrecapa-712x1024.jpg 712w, https:\/\/pedidos.ohmina.com.br\/blog\/wp-content\/uploads\/2019\/09\/AKIRA-01-Sobrecapa.jpg 1043w\" sizes=\"auto, (max-width: 209px) 100vw, 209px\" \/><br \/>\n<strong>Sinopse:<\/strong><br \/>\nUm dos marcos da fic\u00e7\u00e3o cient\u00edfica oriental que revolucionou a chegada dos mang\u00e1s e da cultura pop japonesa no Ocidente retorna em uma nova edi\u00e7\u00e3o especial. Ap\u00f3s atropelar uma crian\u00e7a de apar\u00eancia estranha, Tetsuo Shima (o melhor amigo de Kaneda), come\u00e7a a sentir algumas rea\u00e7\u00f5es anormais. Isso acaba chamando a aten\u00e7\u00e3o do governo que est\u00e1 projetando diversas experi\u00eancias secretas e acabam sequestrando Tetsuo. Nesta aventura cheia de fic\u00e7\u00e3o, Kaneda entra em cena para salvar o amigo, enquanto uma terr\u00edvel e monstruosa entidade amea\u00e7a despertar.<\/p>\n<div class=\"destaque\">\n<strong>Autoria:<\/strong> Katsuhiro Otomo<br \/>\n<strong>Classifica\u00e7\u00e3o et\u00e1ria:<\/strong> 18 anos<br \/>\n<strong>Formato:<\/strong> 25,7 x 15,8 cm<br \/>\n<strong>Pre\u00e7o:<\/strong> R$ 94,90<\/p>\n<ul>\n<strong>Volume 1<\/strong><br \/>\n<strong>N\u00famero de p\u00e1ginas: <\/strong>364<br \/>\n<strong>ISBN:<\/strong> 978-85-457-0287-0\n<\/ul>\n<p>&nbsp;<br \/>\n<a class=\"btn btn-primary\" href=\"https:\/\/pedidos.ohmina.com.br\/blog\/downloads\/?c=20\">Baixe as sinopses e capas de Akira aqui<\/a><\/p>\n<p>&nbsp;\n<\/p><\/div>\n<h3>Nausica\u00e4 do Vale do Vento (pr\u00e9-venda)<\/h3>\n<p><img loading=\"lazy\" decoding=\"async\" src=\"https:\/\/pedidos.ohmina.com.br\/blog\/wp-content\/uploads\/2022\/06\/Nausicaa\u0308-01-Capa-213x300.jpg\" alt=\"\" width=\"213\" height=\"300\" class=\"aligncenter size-medium wp-image-1097\" srcset=\"https:\/\/pedidos.ohmina.com.br\/blog\/wp-content\/uploads\/2022\/06\/Nausicaa\u0308-01-Capa-213x300.jpg 213w, https:\/\/pedidos.ohmina.com.br\/blog\/wp-content\/uploads\/2022\/06\/Nausicaa\u0308-01-Capa-728x1024.jpg 728w, https:\/\/pedidos.ohmina.com.br\/blog\/wp-content\/uploads\/2022\/06\/Nausicaa\u0308-01-Capa-768x1080.jpg 768w, https:\/\/pedidos.ohmina.com.br\/blog\/wp-content\/uploads\/2022\/06\/Nausicaa\u0308-01-Capa-1092x1536.jpg 1092w, https:\/\/pedidos.ohmina.com.br\/blog\/wp-content\/uploads\/2022\/06\/Nausicaa\u0308-01-Capa-1456x2048.jpg 1456w, https:\/\/pedidos.ohmina.com.br\/blog\/wp-content\/uploads\/2022\/06\/Nausicaa\u0308-01-Capa-scaled.jpg 1820w\" sizes=\"auto, (max-width: 213px) 100vw, 213px\" \/><br \/>\nNo discurso final do evento da diretora Marina Shoji, um agradecimento especial a todos os que participaram do JBC Festa 2022, por mais este ciclo que est\u00e1 se iniciando e a confirma\u00e7\u00e3o de que o primeiro volume de Nausica\u00e4 do Vale do Vento est\u00e1 aprovado e tem previs\u00e3o de lan\u00e7amento em agosto de 2022.<br \/>\n<strong>Sinopse<\/strong><br \/>\nA polui\u00e7\u00e3o tomou conta do mundo. As \u00e1guas, o ar e as florestas foram contaminados por causa do crescimento da industrializa\u00e7\u00e3o. \u00c9 nesse mundo ca\u00f3tico, onde at\u00e9 mesmo o ar \u00e9 venenoso, e sem esperan\u00e7a que Nausica\u00e4 do Vale do Vento enfrentar\u00e1 uma jornada que decidir\u00e1 o futuro da humanidade.<\/p>\n<div class=\"destaque\">\n<strong>Autoria:<\/strong> Hayao Miyazaki<br \/>\n<strong>Formato:<\/strong> 18,2 x 25,6 cm<br \/>\n<strong>Pre\u00e7o: <\/strong>R$ 49,90<\/p>\n<ul>\n<strong>Volume 1<\/strong><br \/>\n<strong>N\u00famero de p\u00e1ginas:<\/strong> 136<br \/>\n<strong>ISBN:<\/strong> 978-65-5594-252-1\n<\/ul>\n<p>&nbsp;<br \/>\n<a class=\"btn btn-primary\" href=\"https:\/\/pedidos.ohmina.com.br\/blog\/downloads\/?c=110\">Baixe as sinopses e capas de Nausica\u00e4 aqui<\/a><\/p>\n<p>&nbsp;\n<\/p><\/div>\n","protected":false},"excerpt":{"rendered":"<p>Aproveite para abrir novas pr\u00e9-vendas dos mang\u00e1s da JBC. <\/p>\n","protected":false},"author":2,"featured_media":0,"comment_status":"closed","ping_status":"closed","sticky":false,"template":"","format":"standard","meta":{"footnotes":""},"categories":[3],"tags":[18],"class_list":["post-1106","post","type-post","status-publish","format-standard","hentry","category-dicas-e-sugestoes","tag-pre-venda","colecao-akira","colecao-nausicaa-do-vale-do-vento","colecao-tokyo-revengers"],"yoast_head":"<!-- This site is optimized with the Yoast SEO plugin v27.4 - https:\/\/yoast.com\/product\/yoast-seo-wordpress\/ -->\n<title>Sugest\u00f5es de pr\u00e9-vendas - Blog Comercial JBC<\/title>\n<meta name=\"robots\" content=\"noindex, follow, max-snippet:-1, max-image-preview:large, max-video-preview:-1\" \/>\n<meta property=\"og:locale\" content=\"pt_BR\" \/>\n<meta property=\"og:type\" content=\"article\" \/>\n<meta property=\"og:title\" content=\"Sugest\u00f5es de pr\u00e9-vendas - Blog Comercial JBC\" \/>\n<meta property=\"og:description\" content=\"Aproveite para abrir novas pr\u00e9-vendas dos mang\u00e1s da JBC.\" \/>\n<meta property=\"og:url\" content=\"https:\/\/pedidos.ohmina.com.br\/blog\/sugestoes-de-pre-vendas\/\" \/>\n<meta property=\"og:site_name\" content=\"Blog Comercial JBC\" \/>\n<meta property=\"article:published_time\" content=\"2022-06-23T20:21:26+00:00\" \/>\n<meta property=\"og:image\" content=\"https:\/\/pedidos.ohmina.com.br\/blog\/wp-content\/uploads\/2022\/06\/Tokyo-Revengers-01-Capa-198x300.jpg\" \/>\n<meta name=\"author\" content=\"Comercial JBC\" \/>\n<meta name=\"twitter:card\" content=\"summary_large_image\" \/>\n<meta name=\"twitter:label1\" content=\"Escrito por\" \/>\n\t<meta name=\"twitter:data1\" content=\"Comercial JBC\" \/>\n\t<meta name=\"twitter:label2\" content=\"Est. tempo de leitura\" \/>\n\t<meta name=\"twitter:data2\" content=\"3 minutos\" \/>\n<script type=\"application\/ld+json\" class=\"yoast-schema-graph\">{\"@context\":\"https:\\\/\\\/schema.org\",\"@graph\":[{\"@type\":\"Article\",\"@id\":\"https:\\\/\\\/pedidos.ohmina.com.br\\\/blog\\\/sugestoes-de-pre-vendas\\\/#article\",\"isPartOf\":{\"@id\":\"https:\\\/\\\/pedidos.ohmina.com.br\\\/blog\\\/sugestoes-de-pre-vendas\\\/\"},\"author\":{\"name\":\"Comercial JBC\",\"@id\":\"https:\\\/\\\/pedidos.ohmina.com.br\\\/blog\\\/#\\\/schema\\\/person\\\/277b1670520df5ac3e231e9b3b8d65ec\"},\"headline\":\"Sugest\u00f5es de pr\u00e9-vendas\",\"datePublished\":\"2022-06-23T20:21:26+00:00\",\"mainEntityOfPage\":{\"@id\":\"https:\\\/\\\/pedidos.ohmina.com.br\\\/blog\\\/sugestoes-de-pre-vendas\\\/\"},\"wordCount\":588,\"image\":{\"@id\":\"https:\\\/\\\/pedidos.ohmina.com.br\\\/blog\\\/sugestoes-de-pre-vendas\\\/#primaryimage\"},\"thumbnailUrl\":\"https:\\\/\\\/pedidos.ohmina.com.br\\\/blog\\\/wp-content\\\/uploads\\\/2019\\\/09\\\/AKIRA-01-Sobrecapa-209x300.jpg\",\"keywords\":[\"pr\u00e9-venda\"],\"articleSection\":[\"Dicas e Sugest\u00f5es\"],\"inLanguage\":\"pt-BR\"},{\"@type\":\"WebPage\",\"@id\":\"https:\\\/\\\/pedidos.ohmina.com.br\\\/blog\\\/sugestoes-de-pre-vendas\\\/\",\"url\":\"https:\\\/\\\/pedidos.ohmina.com.br\\\/blog\\\/sugestoes-de-pre-vendas\\\/\",\"name\":\"Sugest\u00f5es de pr\u00e9-vendas - Blog Comercial JBC\",\"isPartOf\":{\"@id\":\"https:\\\/\\\/pedidos.ohmina.com.br\\\/blog\\\/#website\"},\"primaryImageOfPage\":{\"@id\":\"https:\\\/\\\/pedidos.ohmina.com.br\\\/blog\\\/sugestoes-de-pre-vendas\\\/#primaryimage\"},\"image\":{\"@id\":\"https:\\\/\\\/pedidos.ohmina.com.br\\\/blog\\\/sugestoes-de-pre-vendas\\\/#primaryimage\"},\"thumbnailUrl\":\"https:\\\/\\\/pedidos.ohmina.com.br\\\/blog\\\/wp-content\\\/uploads\\\/2019\\\/09\\\/AKIRA-01-Sobrecapa-209x300.jpg\",\"datePublished\":\"2022-06-23T20:21:26+00:00\",\"author\":{\"@id\":\"https:\\\/\\\/pedidos.ohmina.com.br\\\/blog\\\/#\\\/schema\\\/person\\\/277b1670520df5ac3e231e9b3b8d65ec\"},\"breadcrumb\":{\"@id\":\"https:\\\/\\\/pedidos.ohmina.com.br\\\/blog\\\/sugestoes-de-pre-vendas\\\/#breadcrumb\"},\"inLanguage\":\"pt-BR\",\"potentialAction\":[{\"@type\":\"ReadAction\",\"target\":[\"https:\\\/\\\/pedidos.ohmina.com.br\\\/blog\\\/sugestoes-de-pre-vendas\\\/\"]}]},{\"@type\":\"ImageObject\",\"inLanguage\":\"pt-BR\",\"@id\":\"https:\\\/\\\/pedidos.ohmina.com.br\\\/blog\\\/sugestoes-de-pre-vendas\\\/#primaryimage\",\"url\":\"https:\\\/\\\/pedidos.ohmina.com.br\\\/blog\\\/wp-content\\\/uploads\\\/2019\\\/09\\\/AKIRA-01-Sobrecapa.jpg\",\"contentUrl\":\"https:\\\/\\\/pedidos.ohmina.com.br\\\/blog\\\/wp-content\\\/uploads\\\/2019\\\/09\\\/AKIRA-01-Sobrecapa.jpg\",\"width\":1043,\"height\":1500},{\"@type\":\"BreadcrumbList\",\"@id\":\"https:\\\/\\\/pedidos.ohmina.com.br\\\/blog\\\/sugestoes-de-pre-vendas\\\/#breadcrumb\",\"itemListElement\":[{\"@type\":\"ListItem\",\"position\":1,\"name\":\"In\u00edcio\",\"item\":\"https:\\\/\\\/pedidos.ohmina.com.br\\\/blog\\\/\"},{\"@type\":\"ListItem\",\"position\":2,\"name\":\"Sugest\u00f5es de pr\u00e9-vendas\"}]},{\"@type\":\"WebSite\",\"@id\":\"https:\\\/\\\/pedidos.ohmina.com.br\\\/blog\\\/#website\",\"url\":\"https:\\\/\\\/pedidos.ohmina.com.br\\\/blog\\\/\",\"name\":\"Blog Comercial JBC\",\"description\":\"Informa\u00e7\u00f5es e not\u00edcias da JBC para os lojistas\",\"potentialAction\":[{\"@type\":\"SearchAction\",\"target\":{\"@type\":\"EntryPoint\",\"urlTemplate\":\"https:\\\/\\\/pedidos.ohmina.com.br\\\/blog\\\/?s={search_term_string}\"},\"query-input\":{\"@type\":\"PropertyValueSpecification\",\"valueRequired\":true,\"valueName\":\"search_term_string\"}}],\"inLanguage\":\"pt-BR\"},{\"@type\":\"Person\",\"@id\":\"https:\\\/\\\/pedidos.ohmina.com.br\\\/blog\\\/#\\\/schema\\\/person\\\/277b1670520df5ac3e231e9b3b8d65ec\",\"name\":\"Comercial JBC\",\"image\":{\"@type\":\"ImageObject\",\"inLanguage\":\"pt-BR\",\"@id\":\"https:\\\/\\\/secure.gravatar.com\\\/avatar\\\/7faae9ad74a62852b4d347ffdc9e02f69e32bcd9c77ea82d1c4a165aad947f13?s=96&d=mm&r=g\",\"url\":\"https:\\\/\\\/secure.gravatar.com\\\/avatar\\\/7faae9ad74a62852b4d347ffdc9e02f69e32bcd9c77ea82d1c4a165aad947f13?s=96&d=mm&r=g\",\"contentUrl\":\"https:\\\/\\\/secure.gravatar.com\\\/avatar\\\/7faae9ad74a62852b4d347ffdc9e02f69e32bcd9c77ea82d1c4a165aad947f13?s=96&d=mm&r=g\",\"caption\":\"Comercial JBC\"},\"sameAs\":[\"https:\\\/\\\/editorajbc.com.br\"],\"url\":\"https:\\\/\\\/pedidos.ohmina.com.br\\\/blog\\\/author\\\/comercial-jbc\\\/\"}]}<\/script>\n<!-- \/ Yoast SEO plugin. -->","yoast_head_json":{"title":"Sugest\u00f5es de pr\u00e9-vendas - Blog Comercial JBC","robots":{"index":"noindex","follow":"follow","max-snippet":"max-snippet:-1","max-image-preview":"max-image-preview:large","max-video-preview":"max-video-preview:-1"},"og_locale":"pt_BR","og_type":"article","og_title":"Sugest\u00f5es de pr\u00e9-vendas - Blog Comercial JBC","og_description":"Aproveite para abrir novas pr\u00e9-vendas dos mang\u00e1s da JBC.","og_url":"https:\/\/pedidos.ohmina.com.br\/blog\/sugestoes-de-pre-vendas\/","og_site_name":"Blog Comercial JBC","article_published_time":"2022-06-23T20:21:26+00:00","og_image":[{"url":"https:\/\/pedidos.ohmina.com.br\/blog\/wp-content\/uploads\/2022\/06\/Tokyo-Revengers-01-Capa-198x300.jpg","type":"","width":"","height":""}],"author":"Comercial JBC","twitter_card":"summary_large_image","twitter_misc":{"Escrito por":"Comercial JBC","Est. tempo de leitura":"3 minutos"},"schema":{"@context":"https:\/\/schema.org","@graph":[{"@type":"Article","@id":"https:\/\/pedidos.ohmina.com.br\/blog\/sugestoes-de-pre-vendas\/#article","isPartOf":{"@id":"https:\/\/pedidos.ohmina.com.br\/blog\/sugestoes-de-pre-vendas\/"},"author":{"name":"Comercial JBC","@id":"https:\/\/pedidos.ohmina.com.br\/blog\/#\/schema\/person\/277b1670520df5ac3e231e9b3b8d65ec"},"headline":"Sugest\u00f5es de pr\u00e9-vendas","datePublished":"2022-06-23T20:21:26+00:00","mainEntityOfPage":{"@id":"https:\/\/pedidos.ohmina.com.br\/blog\/sugestoes-de-pre-vendas\/"},"wordCount":588,"image":{"@id":"https:\/\/pedidos.ohmina.com.br\/blog\/sugestoes-de-pre-vendas\/#primaryimage"},"thumbnailUrl":"https:\/\/pedidos.ohmina.com.br\/blog\/wp-content\/uploads\/2019\/09\/AKIRA-01-Sobrecapa-209x300.jpg","keywords":["pr\u00e9-venda"],"articleSection":["Dicas e Sugest\u00f5es"],"inLanguage":"pt-BR"},{"@type":"WebPage","@id":"https:\/\/pedidos.ohmina.com.br\/blog\/sugestoes-de-pre-vendas\/","url":"https:\/\/pedidos.ohmina.com.br\/blog\/sugestoes-de-pre-vendas\/","name":"Sugest\u00f5es de pr\u00e9-vendas - Blog Comercial JBC","isPartOf":{"@id":"https:\/\/pedidos.ohmina.com.br\/blog\/#website"},"primaryImageOfPage":{"@id":"https:\/\/pedidos.ohmina.com.br\/blog\/sugestoes-de-pre-vendas\/#primaryimage"},"image":{"@id":"https:\/\/pedidos.ohmina.com.br\/blog\/sugestoes-de-pre-vendas\/#primaryimage"},"thumbnailUrl":"https:\/\/pedidos.ohmina.com.br\/blog\/wp-content\/uploads\/2019\/09\/AKIRA-01-Sobrecapa-209x300.jpg","datePublished":"2022-06-23T20:21:26+00:00","author":{"@id":"https:\/\/pedidos.ohmina.com.br\/blog\/#\/schema\/person\/277b1670520df5ac3e231e9b3b8d65ec"},"breadcrumb":{"@id":"https:\/\/pedidos.ohmina.com.br\/blog\/sugestoes-de-pre-vendas\/#breadcrumb"},"inLanguage":"pt-BR","potentialAction":[{"@type":"ReadAction","target":["https:\/\/pedidos.ohmina.com.br\/blog\/sugestoes-de-pre-vendas\/"]}]},{"@type":"ImageObject","inLanguage":"pt-BR","@id":"https:\/\/pedidos.ohmina.com.br\/blog\/sugestoes-de-pre-vendas\/#primaryimage","url":"https:\/\/pedidos.ohmina.com.br\/blog\/wp-content\/uploads\/2019\/09\/AKIRA-01-Sobrecapa.jpg","contentUrl":"https:\/\/pedidos.ohmina.com.br\/blog\/wp-content\/uploads\/2019\/09\/AKIRA-01-Sobrecapa.jpg","width":1043,"height":1500},{"@type":"BreadcrumbList","@id":"https:\/\/pedidos.ohmina.com.br\/blog\/sugestoes-de-pre-vendas\/#breadcrumb","itemListElement":[{"@type":"ListItem","position":1,"name":"In\u00edcio","item":"https:\/\/pedidos.ohmina.com.br\/blog\/"},{"@type":"ListItem","position":2,"name":"Sugest\u00f5es de pr\u00e9-vendas"}]},{"@type":"WebSite","@id":"https:\/\/pedidos.ohmina.com.br\/blog\/#website","url":"https:\/\/pedidos.ohmina.com.br\/blog\/","name":"Blog Comercial JBC","description":"Informa\u00e7\u00f5es e not\u00edcias da JBC para os lojistas","potentialAction":[{"@type":"SearchAction","target":{"@type":"EntryPoint","urlTemplate":"https:\/\/pedidos.ohmina.com.br\/blog\/?s={search_term_string}"},"query-input":{"@type":"PropertyValueSpecification","valueRequired":true,"valueName":"search_term_string"}}],"inLanguage":"pt-BR"},{"@type":"Person","@id":"https:\/\/pedidos.ohmina.com.br\/blog\/#\/schema\/person\/277b1670520df5ac3e231e9b3b8d65ec","name":"Comercial JBC","image":{"@type":"ImageObject","inLanguage":"pt-BR","@id":"https:\/\/secure.gravatar.com\/avatar\/7faae9ad74a62852b4d347ffdc9e02f69e32bcd9c77ea82d1c4a165aad947f13?s=96&d=mm&r=g","url":"https:\/\/secure.gravatar.com\/avatar\/7faae9ad74a62852b4d347ffdc9e02f69e32bcd9c77ea82d1c4a165aad947f13?s=96&d=mm&r=g","contentUrl":"https:\/\/secure.gravatar.com\/avatar\/7faae9ad74a62852b4d347ffdc9e02f69e32bcd9c77ea82d1c4a165aad947f13?s=96&d=mm&r=g","caption":"Comercial JBC"},"sameAs":["https:\/\/editorajbc.com.br"],"url":"https:\/\/pedidos.ohmina.com.br\/blog\/author\/comercial-jbc\/"}]}},"_links":{"self":[{"href":"https:\/\/pedidos.ohmina.com.br\/blog\/wp-json\/wp\/v2\/posts\/1106","targetHints":{"allow":["GET"]}}],"collection":[{"href":"https:\/\/pedidos.ohmina.com.br\/blog\/wp-json\/wp\/v2\/posts"}],"about":[{"href":"https:\/\/pedidos.ohmina.com.br\/blog\/wp-json\/wp\/v2\/types\/post"}],"author":[{"embeddable":true,"href":"https:\/\/pedidos.ohmina.com.br\/blog\/wp-json\/wp\/v2\/users\/2"}],"replies":[{"embeddable":true,"href":"https:\/\/pedidos.ohmina.com.br\/blog\/wp-json\/wp\/v2\/comments?post=1106"}],"version-history":[{"count":1,"href":"https:\/\/pedidos.ohmina.com.br\/blog\/wp-json\/wp\/v2\/posts\/1106\/revisions"}],"predecessor-version":[{"id":1107,"href":"https:\/\/pedidos.ohmina.com.br\/blog\/wp-json\/wp\/v2\/posts\/1106\/revisions\/1107"}],"wp:attachment":[{"href":"https:\/\/pedidos.ohmina.com.br\/blog\/wp-json\/wp\/v2\/media?parent=1106"}],"wp:term":[{"taxonomy":"category","embeddable":true,"href":"https:\/\/pedidos.ohmina.com.br\/blog\/wp-json\/wp\/v2\/categories?post=1106"},{"taxonomy":"post_tag","embeddable":true,"href":"https:\/\/pedidos.ohmina.com.br\/blog\/wp-json\/wp\/v2\/tags?post=1106"}],"curies":[{"name":"wp","href":"https:\/\/api.w.org\/{rel}","templated":true}]}}